{"id":7480,"date":"2025-09-22T12:14:08","date_gmt":"2025-09-22T15:14:08","guid":{"rendered":"https:\/\/tiemponoticias.com.ar\/noticias\/?p=7480"},"modified":"2025-09-22T12:14:08","modified_gmt":"2025-09-22T15:14:08","slug":"%f0%9f%94%b4-reclamo-en-la-mesa-de-entrada-del-hospital-nos-hacen-pasar-verguenza-por-cada-turno-que-queremos-sacar","status":"publish","type":"post","link":"https:\/\/tiemponoticias.com.ar\/noticias\/%f0%9f%94%b4-reclamo-en-la-mesa-de-entrada-del-hospital-nos-hacen-pasar-verguenza-por-cada-turno-que-queremos-sacar\/","title":{"rendered":"&#x1f534; #RECLAMO | \u201cEN LA MESA DE ENTRADA DEL HOSPITAL NOS HACEN PASAR VERG\u00dcENZA POR CADA TURNO QUE QUEREMOS SACAR\u201d"},"content":{"rendered":"<p>En comunicaci\u00f3n por #FmTiempo, Ludmila R\u00edos, vecina de la ciudad, habl\u00f3 acerca de la mala situaci\u00f3n que vive en el nosocomio local cada vez que se acerca a sacar un turno para su obstetra. Apunt\u00f3 principalmente contra una de las empleadas de mesa de entrada.<\/p>\n<p>\u201cEstuve toda la madrugada descompuesta, le ped\u00ed a mi mam\u00e1 que me vaya a sacar turno para ver a la doctora\u201d.<\/p>\n<p>\u201cYo estoy embarazada de 5 meses, perd\u00ed un embarazo y encima no me quiere dar el turno la que atiende en mesa de entrada\u201d.<\/p>\n<p>\u201cLa se\u00f1ora Selva, que est\u00e1 en mesa de entrada, me dice siempre cosas. Le dijo a mi mam\u00e1 que yo s\u00ed o s\u00ed ten\u00eda que ir a sacar el turno, porque a mi mam\u00e1 no se lo iba a dar\u201d.<\/p>\n<p>\u201cLa obstetra me quer\u00eda ver y ella no me da los turnos\u201d.<\/p>\n<p>\u201cHoy fui a hablar con el director porque ya estoy cansada. Ya perd\u00ed un embarazo y encima esta me viene a tratar as\u00ed\u201d.<\/p>\n<p>\u201cSi va una persona de bajos recursos, agarra y empieza a decir: \u2018uy, qu\u00e9 olor\u2019\u201d.<\/p>\n<p>\u201cNo soy la \u00fanica que trata mal, a un mont\u00f3n de gente trata muy mal. Estoy hablando con la otra chica y se mete en lo que yo estoy hablando\u201d.<\/p>\n<p>Tiemponoticias.com.ar<\/p>\n<p>Www.Tiemponoticias.com.ar<\/p>\n<p>Noticias Baradero<\/p>\n","protected":false},"excerpt":{"rendered":"<p>En comunicaci\u00f3n por #FmTiempo, Ludmila R\u00edos, vecina de la ciudad, habl\u00f3 acerca de la mala situaci\u00f3n que vive en el nosocomio local cada vez que se acerca a sacar un turno para su obstetra. Apunt\u00f3 principalmente contra una de las empleadas de mesa de entrada. \u201cEstuve toda la madrugada descompuesta, le ped\u00ed a mi mam\u00e1 [&hellip;]<\/p>\n","protected":false},"author":4,"featured_media":7481,"comment_status":"open","ping_status":"open","sticky":false,"template":"","format":"standard","meta":{"footnotes":""},"categories":[174],"tags":[61],"class_list":["post-7480","post","type-post","status-publish","format-standard","has-post-thumbnail","hentry","category-local","tag-principal"],"amp_enabled":true,"_links":{"self":[{"href":"https:\/\/tiemponoticias.com.ar\/noticias\/wp-json\/wp\/v2\/posts\/7480","targetHints":{"allow":["GET"]}}],"collection":[{"href":"https:\/\/tiemponoticias.com.ar\/noticias\/wp-json\/wp\/v2\/posts"}],"about":[{"href":"https:\/\/tiemponoticias.com.ar\/noticias\/wp-json\/wp\/v2\/types\/post"}],"author":[{"embeddable":true,"href":"https:\/\/tiemponoticias.com.ar\/noticias\/wp-json\/wp\/v2\/users\/4"}],"replies":[{"embeddable":true,"href":"https:\/\/tiemponoticias.com.ar\/noticias\/wp-json\/wp\/v2\/comments?post=7480"}],"version-history":[{"count":1,"href":"https:\/\/tiemponoticias.com.ar\/noticias\/wp-json\/wp\/v2\/posts\/7480\/revisions"}],"predecessor-version":[{"id":7482,"href":"https:\/\/tiemponoticias.com.ar\/noticias\/wp-json\/wp\/v2\/posts\/7480\/revisions\/7482"}],"wp:featuredmedia":[{"embeddable":true,"href":"https:\/\/tiemponoticias.com.ar\/noticias\/wp-json\/wp\/v2\/media\/7481"}],"wp:attachment":[{"href":"https:\/\/tiemponoticias.com.ar\/noticias\/wp-json\/wp\/v2\/media?parent=7480"}],"wp:term":[{"taxonomy":"category","embeddable":true,"href":"https:\/\/tiemponoticias.com.ar\/noticias\/wp-json\/wp\/v2\/categories?post=7480"},{"taxonomy":"post_tag","embeddable":true,"href":"https:\/\/tiemponoticias.com.ar\/noticias\/wp-json\/wp\/v2\/tags?post=7480"}],"curies":[{"name":"wp","href":"https:\/\/api.w.org\/{rel}","templated":true}]}}