{"id":7476,"date":"2025-09-22T12:13:25","date_gmt":"2025-09-22T15:13:25","guid":{"rendered":"https:\/\/tiemponoticias.com.ar\/noticias\/?p=7476"},"modified":"2025-09-22T12:13:25","modified_gmt":"2025-09-22T15:13:25","slug":"%f0%9f%94%b4-santiago-rios-sera-el-nuevo-secretario-de-desarrollo-social","status":"publish","type":"post","link":"https:\/\/tiemponoticias.com.ar\/noticias\/%f0%9f%94%b4-santiago-rios-sera-el-nuevo-secretario-de-desarrollo-social\/","title":{"rendered":"&#x1f534; SANTIAGO R\u00cdOS SER\u00c1 EL NUEVO SECRETARIO DE DESARROLLO SOCIAL"},"content":{"rendered":"<p>Dialogamos por #FmTiempo con quien hasta ahora ocupaba el lugar de director de Juventudes sobre este nuevo desaf\u00edo en el \u00e1rea que presid\u00eda Santiago Erroz.<\/p>\n<p>\u201cEstoy asumiendo este nuevo rol, estamos planificando con Santiago Erroz\u201d.<\/p>\n<p>Con respecto a c\u00f3mo se enter\u00f3 de esta propuesta, dijo: \u201cTuvimos una reuni\u00f3n con el intendente, me lo pidi\u00f3 y no me lo esperaba para nada\u201d.<\/p>\n<p>\u201cEs una cuesti\u00f3n de ordenarse, planificar y empezar con todo\u201d.<\/p>\n<p>\u201cDesde la semana pasada nos estamos reuniendo con Santiago y con el intendente\u201d.<\/p>\n<p>Tiemponoticias.com.ar<\/p>\n<p>Www.Tiemponoticias.com.ar<\/p>\n<p>Noticias Baradero<\/p>\n","protected":false},"excerpt":{"rendered":"<p>Dialogamos por #FmTiempo con quien hasta ahora ocupaba el lugar de director de Juventudes sobre este nuevo desaf\u00edo en el \u00e1rea que presid\u00eda Santiago Erroz. \u201cEstoy asumiendo este nuevo rol, estamos planificando con Santiago Erroz\u201d. Con respecto a c\u00f3mo se enter\u00f3 de esta propuesta, dijo: \u201cTuvimos una reuni\u00f3n con el intendente, me lo pidi\u00f3 y [&hellip;]<\/p>\n","protected":false},"author":4,"featured_media":7478,"comment_status":"open","ping_status":"open","sticky":false,"template":"","format":"standard","meta":{"footnotes":""},"categories":[174,6],"tags":[61],"class_list":["post-7476","post","type-post","status-publish","format-standard","has-post-thumbnail","hentry","category-local","category-politica","tag-principal"],"amp_enabled":true,"_links":{"self":[{"href":"https:\/\/tiemponoticias.com.ar\/noticias\/wp-json\/wp\/v2\/posts\/7476","targetHints":{"allow":["GET"]}}],"collection":[{"href":"https:\/\/tiemponoticias.com.ar\/noticias\/wp-json\/wp\/v2\/posts"}],"about":[{"href":"https:\/\/tiemponoticias.com.ar\/noticias\/wp-json\/wp\/v2\/types\/post"}],"author":[{"embeddable":true,"href":"https:\/\/tiemponoticias.com.ar\/noticias\/wp-json\/wp\/v2\/users\/4"}],"replies":[{"embeddable":true,"href":"https:\/\/tiemponoticias.com.ar\/noticias\/wp-json\/wp\/v2\/comments?post=7476"}],"version-history":[{"count":1,"href":"https:\/\/tiemponoticias.com.ar\/noticias\/wp-json\/wp\/v2\/posts\/7476\/revisions"}],"predecessor-version":[{"id":7479,"href":"https:\/\/tiemponoticias.com.ar\/noticias\/wp-json\/wp\/v2\/posts\/7476\/revisions\/7479"}],"wp:featuredmedia":[{"embeddable":true,"href":"https:\/\/tiemponoticias.com.ar\/noticias\/wp-json\/wp\/v2\/media\/7478"}],"wp:attachment":[{"href":"https:\/\/tiemponoticias.com.ar\/noticias\/wp-json\/wp\/v2\/media?parent=7476"}],"wp:term":[{"taxonomy":"category","embeddable":true,"href":"https:\/\/tiemponoticias.com.ar\/noticias\/wp-json\/wp\/v2\/categories?post=7476"},{"taxonomy":"post_tag","embeddable":true,"href":"https:\/\/tiemponoticias.com.ar\/noticias\/wp-json\/wp\/v2\/tags?post=7476"}],"curies":[{"name":"wp","href":"https:\/\/api.w.org\/{rel}","templated":true}]}}