{"id":6879,"date":"2025-07-21T12:36:58","date_gmt":"2025-07-21T15:36:58","guid":{"rendered":"https:\/\/tiemponoticias.com.ar\/noticias\/?p=6879"},"modified":"2025-07-21T12:38:14","modified_gmt":"2025-07-21T15:38:14","slug":"%f0%9f%94%b4-politica-me-gustaria-agradecer-a-traves-de-la-funcion-todo-lo-que-el-pueblo-me-dio","status":"publish","type":"post","link":"https:\/\/tiemponoticias.com.ar\/noticias\/%f0%9f%94%b4-politica-me-gustaria-agradecer-a-traves-de-la-funcion-todo-lo-que-el-pueblo-me-dio\/","title":{"rendered":"&#x1f534; #POL\u00cdTICA | \u201cME GUSTAR\u00cdA AGRADECER, A TRAV\u00c9S DE LA FUNCI\u00d3N, TODO LO QUE EL PUEBLO ME DIO\u201d"},"content":{"rendered":"<p>En comunicaci\u00f3n con #FmTiempo, Carlos Valladares, candidato a primer concejal por La Libertad Avanza, comparti\u00f3 los motivos que lo llevaron a aceptar la propuesta para formar parte de la lista.<\/p>\n<p>\u201cPara m\u00ed es un honor tomar este compromiso y encabezar la lista de concejales de La Libertad Avanza.\u201d<\/p>\n<p>\u201cEn el a\u00f1o 2023, cuando se abri\u00f3 la sede, me acerqu\u00e9 por voluntad propia para conocer su forma de trabajo. Me gust\u00f3 bastante, pero en ese momento no pod\u00eda sumarme a una lista.\u201d<\/p>\n<p>\u201cAhora volvimos a revisar la posibilidad de integrar la lista, confiaron en m\u00ed y tom\u00e9 esa responsabilidad.\u201d<\/p>\n<p>Sobre su decisi\u00f3n de formar parte del espacio, Valladares destac\u00f3:<\/p>\n<p>\u201cMe atrajo mucho la unidad, el profesionalismo y las ganas de trabajar por un futuro mejor para Baradero y sus ciudadanos.\u201d<\/p>\n<p>\u201cLo fundamental es el profesionalismo y el entusiasmo por aportar en todos los espacios, especialmente desde la base, empezando de cero.\u201d<\/p>\n<p>\u201cMe gustar\u00eda agradecer, a trav\u00e9s de la funci\u00f3n, todo lo que el pueblo me dio.\u201d<\/p>\n<p>\u201cEstamos para mejorar todo lo que se pueda, en la medida de nuestras posibilidades.\u201d<\/p>\n<p>\u201cMe gustar\u00eda fortalecer nuestro hospital, brindar un mejor servicio y trabajar desde mi \u00e1rea para el bienestar de todos.\u201d<\/p>\n<p>Tiemponoticias.com.ar<\/p>\n<p>Www.Tiemponoticias.com.ar<\/p>\n<p>Noticias Baradero<\/p>\n","protected":false},"excerpt":{"rendered":"<p>En comunicaci\u00f3n con #FmTiempo, Carlos Valladares, candidato a primer concejal por La Libertad Avanza, comparti\u00f3 los motivos que lo llevaron a aceptar la propuesta para formar parte de la lista. \u201cPara m\u00ed es un honor tomar este compromiso y encabezar la lista de concejales de La Libertad Avanza.\u201d \u201cEn el a\u00f1o 2023, cuando se abri\u00f3 [&hellip;]<\/p>\n","protected":false},"author":4,"featured_media":6880,"comment_status":"open","ping_status":"open","sticky":false,"template":"","format":"standard","meta":{"footnotes":""},"categories":[174,6],"tags":[61],"class_list":["post-6879","post","type-post","status-publish","format-standard","has-post-thumbnail","hentry","category-local","category-politica","tag-principal"],"amp_enabled":true,"_links":{"self":[{"href":"https:\/\/tiemponoticias.com.ar\/noticias\/wp-json\/wp\/v2\/posts\/6879","targetHints":{"allow":["GET"]}}],"collection":[{"href":"https:\/\/tiemponoticias.com.ar\/noticias\/wp-json\/wp\/v2\/posts"}],"about":[{"href":"https:\/\/tiemponoticias.com.ar\/noticias\/wp-json\/wp\/v2\/types\/post"}],"author":[{"embeddable":true,"href":"https:\/\/tiemponoticias.com.ar\/noticias\/wp-json\/wp\/v2\/users\/4"}],"replies":[{"embeddable":true,"href":"https:\/\/tiemponoticias.com.ar\/noticias\/wp-json\/wp\/v2\/comments?post=6879"}],"version-history":[{"count":1,"href":"https:\/\/tiemponoticias.com.ar\/noticias\/wp-json\/wp\/v2\/posts\/6879\/revisions"}],"predecessor-version":[{"id":6881,"href":"https:\/\/tiemponoticias.com.ar\/noticias\/wp-json\/wp\/v2\/posts\/6879\/revisions\/6881"}],"wp:featuredmedia":[{"embeddable":true,"href":"https:\/\/tiemponoticias.com.ar\/noticias\/wp-json\/wp\/v2\/media\/6880"}],"wp:attachment":[{"href":"https:\/\/tiemponoticias.com.ar\/noticias\/wp-json\/wp\/v2\/media?parent=6879"}],"wp:term":[{"taxonomy":"category","embeddable":true,"href":"https:\/\/tiemponoticias.com.ar\/noticias\/wp-json\/wp\/v2\/categories?post=6879"},{"taxonomy":"post_tag","embeddable":true,"href":"https:\/\/tiemponoticias.com.ar\/noticias\/wp-json\/wp\/v2\/tags?post=6879"}],"curies":[{"name":"wp","href":"https:\/\/api.w.org\/{rel}","templated":true}]}}