{"id":6876,"date":"2025-07-21T12:36:05","date_gmt":"2025-07-21T15:36:05","guid":{"rendered":"https:\/\/tiemponoticias.com.ar\/noticias\/?p=6876"},"modified":"2025-07-21T12:36:05","modified_gmt":"2025-07-21T15:36:05","slug":"%f0%9f%94%b4-escandalo-fuerte-interna-entre-los-emprendedores","status":"publish","type":"post","link":"https:\/\/tiemponoticias.com.ar\/noticias\/%f0%9f%94%b4-escandalo-fuerte-interna-entre-los-emprendedores\/","title":{"rendered":"&#x1f534; #ESC\u00c1NDALO | FUERTE INTERNA ENTRE LOS EMPRENDEDORES"},"content":{"rendered":"<p style=\"padding-left: 40px;\">En di\u00e1logo con #FmTiempo, Susana Bruno, emprendedora de Plaza Mitre, explic\u00f3 los motivos por los que decidi\u00f3 no participar de la feria realizada el s\u00e1bado en el puerto.<\/p>\n<p>\u201cNo era una feria de los emprendedores de Plaza Mitre, fue una feria privada.\u201d<\/p>\n<p>\u201cNo est\u00e1bamos los m\u00e1s de 40 que integramos el grupo de Plaza Mitre. Nosotros somos artesanos independientes y no participamos de la feria del s\u00e1bado.\u201d<\/p>\n<p>\u201cMe comentaron que a los de afuera les cobraban $70.000, pero no s\u00e9 cu\u00e1nto cobraron en realidad. No me inform\u00e9 sobre la feria porque no me interesaba, no tengo idea de cu\u00e1nto pagaron.\u201d<\/p>\n<p>\u201cNo me gustan las traiciones ni las mentiras. Deber\u00edan habernos avisado antes de anunciarlo en los medios. Si vas a organizar una feria privada mientras trabaj\u00e1s todos los domingos conmigo, no pretendo ser parte de la organizaci\u00f3n, pero al menos que nos avisen.\u201d<\/p>\n<p>\u201cHubiese sido importante hacer una reuni\u00f3n, comunicarlo en el grupo. Esto no se organiz\u00f3 en una semana, ven\u00eda prepar\u00e1ndose desde antes.\u201d<\/p>\n<p>\u201cLa divisi\u00f3n comenz\u00f3 con algunas reuniones. Yo veo c\u00f3mo se est\u00e1n tirando por la borda diez a\u00f1os de feria. Ellos dicen que lo m\u00edo es obsoleto, que vendo cosas viejas. Yo los invito a que se sumen, a que traigan ideas.\u201d<\/p>\n<p>\u201cLo que hicieron fue generar una ruptura, no aportar.\u201d<\/p>\n<p>\u201cEn la \u00faltima feria oficial pasaron repartiendo papelitos para dejar en los puestos, y en el m\u00edo no dejaron.\u201d<\/p>\n<p>Tiemponoticias.com.ar<\/p>\n<p>Www.Tiemponoticias.com.ar<\/p>\n<p>Noticias Baradero<\/p>\n","protected":false},"excerpt":{"rendered":"<p>En di\u00e1logo con #FmTiempo, Susana Bruno, emprendedora de Plaza Mitre, explic\u00f3 los motivos por los que decidi\u00f3 no participar de la feria realizada el s\u00e1bado en el puerto. \u201cNo era una feria de los emprendedores de Plaza Mitre, fue una feria privada.\u201d \u201cNo est\u00e1bamos los m\u00e1s de 40 que integramos el grupo de Plaza Mitre. [&hellip;]<\/p>\n","protected":false},"author":4,"featured_media":6877,"comment_status":"open","ping_status":"open","sticky":false,"template":"","format":"standard","meta":{"footnotes":""},"categories":[174],"tags":[61],"class_list":["post-6876","post","type-post","status-publish","format-standard","has-post-thumbnail","hentry","category-local","tag-principal"],"amp_enabled":true,"_links":{"self":[{"href":"https:\/\/tiemponoticias.com.ar\/noticias\/wp-json\/wp\/v2\/posts\/6876","targetHints":{"allow":["GET"]}}],"collection":[{"href":"https:\/\/tiemponoticias.com.ar\/noticias\/wp-json\/wp\/v2\/posts"}],"about":[{"href":"https:\/\/tiemponoticias.com.ar\/noticias\/wp-json\/wp\/v2\/types\/post"}],"author":[{"embeddable":true,"href":"https:\/\/tiemponoticias.com.ar\/noticias\/wp-json\/wp\/v2\/users\/4"}],"replies":[{"embeddable":true,"href":"https:\/\/tiemponoticias.com.ar\/noticias\/wp-json\/wp\/v2\/comments?post=6876"}],"version-history":[{"count":1,"href":"https:\/\/tiemponoticias.com.ar\/noticias\/wp-json\/wp\/v2\/posts\/6876\/revisions"}],"predecessor-version":[{"id":6878,"href":"https:\/\/tiemponoticias.com.ar\/noticias\/wp-json\/wp\/v2\/posts\/6876\/revisions\/6878"}],"wp:featuredmedia":[{"embeddable":true,"href":"https:\/\/tiemponoticias.com.ar\/noticias\/wp-json\/wp\/v2\/media\/6877"}],"wp:attachment":[{"href":"https:\/\/tiemponoticias.com.ar\/noticias\/wp-json\/wp\/v2\/media?parent=6876"}],"wp:term":[{"taxonomy":"category","embeddable":true,"href":"https:\/\/tiemponoticias.com.ar\/noticias\/wp-json\/wp\/v2\/categories?post=6876"},{"taxonomy":"post_tag","embeddable":true,"href":"https:\/\/tiemponoticias.com.ar\/noticias\/wp-json\/wp\/v2\/tags?post=6876"}],"curies":[{"name":"wp","href":"https:\/\/api.w.org\/{rel}","templated":true}]}}