{"id":6837,"date":"2025-07-17T12:41:07","date_gmt":"2025-07-17T15:41:07","guid":{"rendered":"https:\/\/tiemponoticias.com.ar\/noticias\/?p=6837"},"modified":"2025-07-17T12:41:07","modified_gmt":"2025-07-17T15:41:07","slug":"%f0%9f%94%b4-escandalo-desplazaron-al-director-del-cept-no-17-de-portela","status":"publish","type":"post","link":"https:\/\/tiemponoticias.com.ar\/noticias\/%f0%9f%94%b4-escandalo-desplazaron-al-director-del-cept-no-17-de-portela\/","title":{"rendered":"&#x1f534; #ESC\u00c1NDALO | DESPLAZARON AL DIRECTOR DEL CEPT N\u00ba 17 DE PORTELA"},"content":{"rendered":"<p>Hablamos por #FmTiempo con Agostina Parodi, exalumna de la instituci\u00f3n, quien nos coment\u00f3 acerca de la situaci\u00f3n que se est\u00e1 viviendo, donde desplazaron tanto al director del CEPT, Alejandro Ale, como a Octavio Ale, profesor del mismo. Lo que buscan es que den una respuesta y un motivo del porqu\u00e9 de la decisi\u00f3n.<\/p>\n<p>\u201cEl qu\u00e9 pasa no lo tenemos en claro y es por eso el motivo que hacemos las publicaciones\u201d.<\/p>\n<p>\u201cA m\u00ed me parece que est\u00e1n haciendo una persecuci\u00f3n con el director de la instituci\u00f3n, que es Alejandro Ale, y con un profesor que es Octavio Ale; a ambos los corrieron de su cargo por una denuncia an\u00f3nima\u201d.<\/p>\n<p>\u201cEstamos defendi\u00e9ndolos por el v\u00ednculo que formamos con ellos, porque no solo brindan educaci\u00f3n y ya\u201d.<\/p>\n<p>\u201cEllos est\u00e1n hace 24-25 a\u00f1os trabajando en la instituci\u00f3n\u201d.<\/p>\n<p>\u201cYo ayer me enter\u00e9 de esto y fue un disgusto y una angustia terrible, no entendimos el por qu\u00e9, si se le cuestiona la cuesti\u00f3n, si es algo econ\u00f3mico\u201d.<\/p>\n<p>\u201cEsa denuncia puntual hizo que a ellos los corran de su cargo\u201d.<\/p>\n<p>\u201cNosotros alzamos la voz por los tipos de personas que son ellos. El compromiso que ellos tienen con la instituci\u00f3n es incre\u00edble, no lo encontr\u00e1s en ning\u00fan lado\u201d.<\/p>\n<p>\u201cNadie nos responde nada, por eso nosotros hacemos p\u00fablica esta situaci\u00f3n\u201d.<\/p>\n<p>\u201cNo se sabe el tenor de la denuncia y, adem\u00e1s, es an\u00f3nima, y nadie sabe el por qu\u00e9, no est\u00e1 justificado\u201d.<\/p>\n<p>\u201cNosotros queremos m\u00ednimamente una respuesta\u201d.<\/p>\n<p>Tiemponoticias.com.ar<\/p>\n<p>Www.Tiemponoticias.com.ar<\/p>\n<p>Noticias Baradero<\/p>\n","protected":false},"excerpt":{"rendered":"<p>Hablamos por #FmTiempo con Agostina Parodi, exalumna de la instituci\u00f3n, quien nos coment\u00f3 acerca de la situaci\u00f3n que se est\u00e1 viviendo, donde desplazaron tanto al director del CEPT, Alejandro Ale, como a Octavio Ale, profesor del mismo. Lo que buscan es que den una respuesta y un motivo del porqu\u00e9 de la decisi\u00f3n. \u201cEl qu\u00e9 [&hellip;]<\/p>\n","protected":false},"author":4,"featured_media":6838,"comment_status":"open","ping_status":"open","sticky":false,"template":"","format":"standard","meta":{"footnotes":""},"categories":[174],"tags":[61],"class_list":["post-6837","post","type-post","status-publish","format-standard","has-post-thumbnail","hentry","category-local","tag-principal"],"amp_enabled":true,"_links":{"self":[{"href":"https:\/\/tiemponoticias.com.ar\/noticias\/wp-json\/wp\/v2\/posts\/6837","targetHints":{"allow":["GET"]}}],"collection":[{"href":"https:\/\/tiemponoticias.com.ar\/noticias\/wp-json\/wp\/v2\/posts"}],"about":[{"href":"https:\/\/tiemponoticias.com.ar\/noticias\/wp-json\/wp\/v2\/types\/post"}],"author":[{"embeddable":true,"href":"https:\/\/tiemponoticias.com.ar\/noticias\/wp-json\/wp\/v2\/users\/4"}],"replies":[{"embeddable":true,"href":"https:\/\/tiemponoticias.com.ar\/noticias\/wp-json\/wp\/v2\/comments?post=6837"}],"version-history":[{"count":1,"href":"https:\/\/tiemponoticias.com.ar\/noticias\/wp-json\/wp\/v2\/posts\/6837\/revisions"}],"predecessor-version":[{"id":6839,"href":"https:\/\/tiemponoticias.com.ar\/noticias\/wp-json\/wp\/v2\/posts\/6837\/revisions\/6839"}],"wp:featuredmedia":[{"embeddable":true,"href":"https:\/\/tiemponoticias.com.ar\/noticias\/wp-json\/wp\/v2\/media\/6838"}],"wp:attachment":[{"href":"https:\/\/tiemponoticias.com.ar\/noticias\/wp-json\/wp\/v2\/media?parent=6837"}],"wp:term":[{"taxonomy":"category","embeddable":true,"href":"https:\/\/tiemponoticias.com.ar\/noticias\/wp-json\/wp\/v2\/categories?post=6837"},{"taxonomy":"post_tag","embeddable":true,"href":"https:\/\/tiemponoticias.com.ar\/noticias\/wp-json\/wp\/v2\/tags?post=6837"}],"curies":[{"name":"wp","href":"https:\/\/api.w.org\/{rel}","templated":true}]}}