{"id":6834,"date":"2025-07-17T12:40:18","date_gmt":"2025-07-17T15:40:18","guid":{"rendered":"https:\/\/tiemponoticias.com.ar\/noticias\/?p=6834"},"modified":"2025-07-17T12:40:18","modified_gmt":"2025-07-17T15:40:18","slug":"%f0%9f%94%b4-el-cementerio-sigue-a-la-buena-de-dios-casi-me-desmayo-del-dolor-y-de-la-angustia","status":"publish","type":"post","link":"https:\/\/tiemponoticias.com.ar\/noticias\/%f0%9f%94%b4-el-cementerio-sigue-a-la-buena-de-dios-casi-me-desmayo-del-dolor-y-de-la-angustia\/","title":{"rendered":"&#x1f534; EL CEMENTERIO SIGUE A LA BUENA DE DIOS: \u201cCasi me desmayo del dolor y de la angustia\u201d"},"content":{"rendered":"<p>Lucy Liaudat, vecina de la ciudad, relat\u00f3 por #FmTiempo la situaci\u00f3n que vivi\u00f3 cuando se acerc\u00f3 al cementerio y se encontr\u00f3 que hab\u00edan arrasado con todo en la parte donde se encontraban los nichos de sus familiares.<\/p>\n<p>\u201cEs horroroso, no en todos los sectores, hay algunos m\u00e1s c\u00e9ntricos o m\u00e1s cerca de la calle que no es tanto el destrozo\u201d.<\/p>\n<p>\u201cLa zona que est\u00e1n los nichos de mis familiares es contra el tapial del fondo y ah\u00ed han arrasado con todo, est\u00e1n todos los nichos sin placas, sin floreros, sin manija, sin nada, es un desastre como han arrasado con todo\u201d.<\/p>\n<p>\u201cYo hab\u00eda sacado una foto del nicho para que vean c\u00f3mo estaba para limpiarlo, cuando volv\u00ed a ver casi me desmayo del dolor y de la angustia\u201d.<\/p>\n<p>\u201cA la nochecita cuando no los ven deben saltar el tapial y vandalizar\u201d.<\/p>\n<p>\u201cEl d\u00eda que yo fui a hacer el video no hab\u00eda nadie en el cementerio, y eran las 15:30-16 hs, la gente con la que hablo me dice: yo tengo miedo de ir\u201d.<\/p>\n<p>\u201cPobre Bogado, tiene una ardua tarea, que busque un equipo de trabajo y se organice, si los damnificados que somos nosotros lo podemos ayudar en algo es que ellos clasifiquen todo lo que encontraron y lo pongan en condiciones\u201d.<\/p>\n<p>\u201cTienen que trabajar de otra forma\u201d.<\/p>\n<p>Tiemponoticias.com.ar<\/p>\n<p>Www.Tiemponoticias.com.ar<\/p>\n<p>Noticias Baradero<\/p>\n","protected":false},"excerpt":{"rendered":"<p>Lucy Liaudat, vecina de la ciudad, relat\u00f3 por #FmTiempo la situaci\u00f3n que vivi\u00f3 cuando se acerc\u00f3 al cementerio y se encontr\u00f3 que hab\u00edan arrasado con todo en la parte donde se encontraban los nichos de sus familiares. \u201cEs horroroso, no en todos los sectores, hay algunos m\u00e1s c\u00e9ntricos o m\u00e1s cerca de la calle que [&hellip;]<\/p>\n","protected":false},"author":4,"featured_media":6835,"comment_status":"open","ping_status":"open","sticky":false,"template":"","format":"standard","meta":{"footnotes":""},"categories":[174],"tags":[61],"class_list":["post-6834","post","type-post","status-publish","format-standard","has-post-thumbnail","hentry","category-local","tag-principal"],"amp_enabled":true,"_links":{"self":[{"href":"https:\/\/tiemponoticias.com.ar\/noticias\/wp-json\/wp\/v2\/posts\/6834","targetHints":{"allow":["GET"]}}],"collection":[{"href":"https:\/\/tiemponoticias.com.ar\/noticias\/wp-json\/wp\/v2\/posts"}],"about":[{"href":"https:\/\/tiemponoticias.com.ar\/noticias\/wp-json\/wp\/v2\/types\/post"}],"author":[{"embeddable":true,"href":"https:\/\/tiemponoticias.com.ar\/noticias\/wp-json\/wp\/v2\/users\/4"}],"replies":[{"embeddable":true,"href":"https:\/\/tiemponoticias.com.ar\/noticias\/wp-json\/wp\/v2\/comments?post=6834"}],"version-history":[{"count":1,"href":"https:\/\/tiemponoticias.com.ar\/noticias\/wp-json\/wp\/v2\/posts\/6834\/revisions"}],"predecessor-version":[{"id":6836,"href":"https:\/\/tiemponoticias.com.ar\/noticias\/wp-json\/wp\/v2\/posts\/6834\/revisions\/6836"}],"wp:featuredmedia":[{"embeddable":true,"href":"https:\/\/tiemponoticias.com.ar\/noticias\/wp-json\/wp\/v2\/media\/6835"}],"wp:attachment":[{"href":"https:\/\/tiemponoticias.com.ar\/noticias\/wp-json\/wp\/v2\/media?parent=6834"}],"wp:term":[{"taxonomy":"category","embeddable":true,"href":"https:\/\/tiemponoticias.com.ar\/noticias\/wp-json\/wp\/v2\/categories?post=6834"},{"taxonomy":"post_tag","embeddable":true,"href":"https:\/\/tiemponoticias.com.ar\/noticias\/wp-json\/wp\/v2\/tags?post=6834"}],"curies":[{"name":"wp","href":"https:\/\/api.w.org\/{rel}","templated":true}]}}