{"id":6830,"date":"2025-07-17T12:26:32","date_gmt":"2025-07-17T15:26:32","guid":{"rendered":"https:\/\/tiemponoticias.com.ar\/noticias\/?p=6830"},"modified":"2025-07-17T12:26:32","modified_gmt":"2025-07-17T15:26:32","slug":"%f0%9f%94%b4-politica-hoy-la-eleccion-se-define-por-la-cara-y-el-color-de-la-boleta-esto-es-lo-que-va-a-mirar-la-gente","status":"publish","type":"post","link":"https:\/\/tiemponoticias.com.ar\/noticias\/%f0%9f%94%b4-politica-hoy-la-eleccion-se-define-por-la-cara-y-el-color-de-la-boleta-esto-es-lo-que-va-a-mirar-la-gente\/","title":{"rendered":"&#x1f534; #POLITICA| \u201cHOY LA ELECCI\u00d3N SE DEFINE POR LA CARA Y EL COLOR (DE LA BOLETA), ESTO ES LO QUE VA A MIRAR LA GENTE\u201d"},"content":{"rendered":"<p>A trav\u00e9s de #FmTiempo la concejal de Uni\u00f3n por la Patria, Silvana Sosa, habl\u00f3 sobre c\u00f3mo ve el panorama electoral, las charlas para posibles alianzas y la chance de sumarse a una lista con Sanzio.<\/p>\n<p>\u201cTuve una charla pero a m\u00ed me parece que hay que seguir hablando\u201d.<\/p>\n<p>\u201cVos tenes dos posibilidades podes armar alianzas transitorias o alianzas de gobierno donde uno tenga ingerencias en algunas cosas, esto del Procrear tiene una fontinuidad esto reci\u00e9n es el comienzo\u201d.<\/p>\n<p>\u201cCuando yo te digo hablar me refiero a esto, hay que seguir hablando, puliendo cosas, este es un momento que se necesita gente que tenga la capacidad no solo transmitir lo que est\u00e1 pasando sino tomar las riendas y tener un poco m\u00e1s de coraje\u201d.<\/p>\n<p>\u201cSi ponen candidatos que me superan a m\u00ed, bienvenidos\u201d.<\/p>\n<p>Con respecto a si el intendente podr\u00eda llegar a ser un candidato testimonial, dijo:<br \/>\n\u201cNo lo s\u00e9, pero podr\u00eda ser, despu\u00e9s cuando asum\u00eds renunci\u00e1s alguno de los cargos\u201d.<\/p>\n<p>\u201cHoy la elecci\u00f3n se define por la cara y el color (de la boleta), esto es lo que va a mirar la gente\u201d.<\/p>\n<p>Tiemponoticias.com.ar<\/p>\n<p>Www.Tiemponoticias.com.ar<\/p>\n<p>Noticias Baradero<\/p>\n","protected":false},"excerpt":{"rendered":"<p>A trav\u00e9s de #FmTiempo la concejal de Uni\u00f3n por la Patria, Silvana Sosa, habl\u00f3 sobre c\u00f3mo ve el panorama electoral, las charlas para posibles alianzas y la chance de sumarse a una lista con Sanzio. \u201cTuve una charla pero a m\u00ed me parece que hay que seguir hablando\u201d. \u201cVos tenes dos posibilidades podes armar alianzas [&hellip;]<\/p>\n","protected":false},"author":4,"featured_media":6831,"comment_status":"open","ping_status":"open","sticky":false,"template":"","format":"standard","meta":{"footnotes":""},"categories":[174,6],"tags":[61],"class_list":["post-6830","post","type-post","status-publish","format-standard","has-post-thumbnail","hentry","category-local","category-politica","tag-principal"],"amp_enabled":true,"_links":{"self":[{"href":"https:\/\/tiemponoticias.com.ar\/noticias\/wp-json\/wp\/v2\/posts\/6830","targetHints":{"allow":["GET"]}}],"collection":[{"href":"https:\/\/tiemponoticias.com.ar\/noticias\/wp-json\/wp\/v2\/posts"}],"about":[{"href":"https:\/\/tiemponoticias.com.ar\/noticias\/wp-json\/wp\/v2\/types\/post"}],"author":[{"embeddable":true,"href":"https:\/\/tiemponoticias.com.ar\/noticias\/wp-json\/wp\/v2\/users\/4"}],"replies":[{"embeddable":true,"href":"https:\/\/tiemponoticias.com.ar\/noticias\/wp-json\/wp\/v2\/comments?post=6830"}],"version-history":[{"count":1,"href":"https:\/\/tiemponoticias.com.ar\/noticias\/wp-json\/wp\/v2\/posts\/6830\/revisions"}],"predecessor-version":[{"id":6832,"href":"https:\/\/tiemponoticias.com.ar\/noticias\/wp-json\/wp\/v2\/posts\/6830\/revisions\/6832"}],"wp:featuredmedia":[{"embeddable":true,"href":"https:\/\/tiemponoticias.com.ar\/noticias\/wp-json\/wp\/v2\/media\/6831"}],"wp:attachment":[{"href":"https:\/\/tiemponoticias.com.ar\/noticias\/wp-json\/wp\/v2\/media?parent=6830"}],"wp:term":[{"taxonomy":"category","embeddable":true,"href":"https:\/\/tiemponoticias.com.ar\/noticias\/wp-json\/wp\/v2\/categories?post=6830"},{"taxonomy":"post_tag","embeddable":true,"href":"https:\/\/tiemponoticias.com.ar\/noticias\/wp-json\/wp\/v2\/tags?post=6830"}],"curies":[{"name":"wp","href":"https:\/\/api.w.org\/{rel}","templated":true}]}}