{"id":6827,"date":"2025-07-17T12:25:39","date_gmt":"2025-07-17T15:25:39","guid":{"rendered":"https:\/\/tiemponoticias.com.ar\/noticias\/?p=6827"},"modified":"2025-07-17T12:25:39","modified_gmt":"2025-07-17T15:25:39","slug":"%f0%9f%94%b4-concejo-los-que-votaron-en-contra-fueron-el-pro-y-la-libertad-avanza","status":"publish","type":"post","link":"https:\/\/tiemponoticias.com.ar\/noticias\/%f0%9f%94%b4-concejo-los-que-votaron-en-contra-fueron-el-pro-y-la-libertad-avanza\/","title":{"rendered":"&#x1f534; #CONCEJO| \u201cLOS QUE VOTARON EN CONTRA FUERON EL PRO Y LA LIBERTAD AVANZA\u201d"},"content":{"rendered":"<p>Hablamos por #FmTiempo con la concejal por Uni\u00f3n por la Patria, Silvana Sosa, acerca de la sesi\u00f3n en el d\u00eda de ayer para aprobar o no el proyecto de ordenanza de \u201cVolver a Casa\u201d protecci\u00f3n del conjunto habitacional de calle Passo (las 207 viviendas). El mismo se aprob\u00f3 con doce votos a favor, tres en contra y un ausente.<\/p>\n<p>\u201cSe aprob\u00f3 con doce votos, tres en contra (Fern\u00e1ndez-Marega de la Libertad Avanza y Solari del PRO) y un ausente con aviso, que ten\u00eda una licencia desde antes, que si estaba creo que hubiese votado a favor\u201d.<\/p>\n<p>\u201cEsto comienza ahora y la verdad es que la expectativa es poder dar por finalizadas las 207 viviendas y entregar esas viviendas a las familias, esperemos que ande bien, esa es la idea\u201d.<\/p>\n<p>\u201cLos que votaron en contra fueron el PRO y la Libertad Avanza, yo creo que por esta alianza que tienen, no dieron el argumento\u201d.<\/p>\n<p>\u201cSi fueron a la comisi\u00f3n y dieron el qu\u00f3rum, yo creo que saben internamente que esto, que el gobierno no haga obras, no puede sostenerse\u201d.<\/p>\n<p>\u201cYo entiendo que saben que esto era necesario. Cualquier persona con sentido com\u00fan entiende que a esas viviendas hay que darle un fin, por eso creo que dieron qu\u00f3rum pero no votaron a favor\u201d.<\/p>\n<p>\u201cEsa alianza se conform\u00f3 y entiendo que por una cuesti\u00f3n pol\u00edtica deben estar votando en conjunto, van a votar as\u00ed hasta que dure la alianza\u201d.<\/p>\n<p>Tiemponoticias.com.ar<\/p>\n<p>Www.Tiemponoticias.com.ar<\/p>\n<p>Noticias Baradero<\/p>\n","protected":false},"excerpt":{"rendered":"<p>Hablamos por #FmTiempo con la concejal por Uni\u00f3n por la Patria, Silvana Sosa, acerca de la sesi\u00f3n en el d\u00eda de ayer para aprobar o no el proyecto de ordenanza de \u201cVolver a Casa\u201d protecci\u00f3n del conjunto habitacional de calle Passo (las 207 viviendas). El mismo se aprob\u00f3 con doce votos a favor, tres en [&hellip;]<\/p>\n","protected":false},"author":4,"featured_media":6828,"comment_status":"open","ping_status":"open","sticky":false,"template":"","format":"standard","meta":{"footnotes":""},"categories":[174,6],"tags":[61],"class_list":["post-6827","post","type-post","status-publish","format-standard","has-post-thumbnail","hentry","category-local","category-politica","tag-principal"],"amp_enabled":true,"_links":{"self":[{"href":"https:\/\/tiemponoticias.com.ar\/noticias\/wp-json\/wp\/v2\/posts\/6827","targetHints":{"allow":["GET"]}}],"collection":[{"href":"https:\/\/tiemponoticias.com.ar\/noticias\/wp-json\/wp\/v2\/posts"}],"about":[{"href":"https:\/\/tiemponoticias.com.ar\/noticias\/wp-json\/wp\/v2\/types\/post"}],"author":[{"embeddable":true,"href":"https:\/\/tiemponoticias.com.ar\/noticias\/wp-json\/wp\/v2\/users\/4"}],"replies":[{"embeddable":true,"href":"https:\/\/tiemponoticias.com.ar\/noticias\/wp-json\/wp\/v2\/comments?post=6827"}],"version-history":[{"count":1,"href":"https:\/\/tiemponoticias.com.ar\/noticias\/wp-json\/wp\/v2\/posts\/6827\/revisions"}],"predecessor-version":[{"id":6829,"href":"https:\/\/tiemponoticias.com.ar\/noticias\/wp-json\/wp\/v2\/posts\/6827\/revisions\/6829"}],"wp:featuredmedia":[{"embeddable":true,"href":"https:\/\/tiemponoticias.com.ar\/noticias\/wp-json\/wp\/v2\/media\/6828"}],"wp:attachment":[{"href":"https:\/\/tiemponoticias.com.ar\/noticias\/wp-json\/wp\/v2\/media?parent=6827"}],"wp:term":[{"taxonomy":"category","embeddable":true,"href":"https:\/\/tiemponoticias.com.ar\/noticias\/wp-json\/wp\/v2\/categories?post=6827"},{"taxonomy":"post_tag","embeddable":true,"href":"https:\/\/tiemponoticias.com.ar\/noticias\/wp-json\/wp\/v2\/tags?post=6827"}],"curies":[{"name":"wp","href":"https:\/\/api.w.org\/{rel}","templated":true}]}}