{"id":6786,"date":"2025-07-14T12:05:27","date_gmt":"2025-07-14T15:05:27","guid":{"rendered":"https:\/\/tiemponoticias.com.ar\/noticias\/?p=6786"},"modified":"2025-07-14T12:05:27","modified_gmt":"2025-07-14T15:05:27","slug":"%f0%9f%94%b4-insolito-fue-a-retirar-la-moto-que-se-la-habian-secuestrado-y-no-sabian-donde-estaba","status":"publish","type":"post","link":"https:\/\/tiemponoticias.com.ar\/noticias\/%f0%9f%94%b4-insolito-fue-a-retirar-la-moto-que-se-la-habian-secuestrado-y-no-sabian-donde-estaba\/","title":{"rendered":"&#x1f534; #INS\u00d3LITO | FUE A RETIRAR LA MOTO QUE SE LA HAB\u00cdAN SECUESTRADO Y NO SAB\u00cdAN D\u00d3NDE ESTABA"},"content":{"rendered":"<p>Tuvimos la palabra por #FmTiempo de Miguel Amado, pap\u00e1 del joven al que le sacaron la moto, quien coment\u00f3 que el s\u00e1bado a la madrugada le sacan el rodado porque no ten\u00eda los papeles. Hoy, cuando se acerca al juzgado de faltas para retirar la moto con los papeles correspondientes, le dijeron que la moto no estaba ah\u00ed.<\/p>\n<p>\u201cEl s\u00e1bado a la madrugada andaba el pibe m\u00edo con los amigos, fueron hasta el kiosco \u201cLos Pietros\u201d, est\u00e1 bien, a \u00e9l se le hab\u00eda roto el escape de la moto y le digo arr\u00e9glalo y bueno, \u00e9l no ten\u00eda papeles y le sacan la moto\u201d.<\/p>\n<p>\u201cYo no juzgo la actuaci\u00f3n de los polic\u00edas pero mandaron dos patrulleros, el auto de la guardia urbana\u201d.<\/p>\n<p>\u201cCuesti\u00f3n que le dicen que se tiene que presentar en el juzgado de falta con los papeles porque no lo ten\u00eda encima en el momento que se la llevan. Cuando hoy se acerca con los papeles y todo, le dicen que la moto no la ten\u00edan y no sab\u00edan d\u00f3nde estaba, que vaya ma\u00f1ana, no ten\u00edan ni los papeles nada\u201d.<\/p>\n<p>\u201cFueron ellos los que lo mandaron hoy temprano a retirar la moto y cuando va no estaba\u201d.<\/p>\n<p>\u201cAhora me voy a ir hasta la comisar\u00eda a ver qu\u00e9 me dicen, d\u00f3nde est\u00e1\u201d.<\/p>\n<p>Tiemponoticias.com.ar<\/p>\n<p>Www.Tiemponoticias.com.ar<\/p>\n<p>Noticias Baradero<\/p>\n","protected":false},"excerpt":{"rendered":"<p>Tuvimos la palabra por #FmTiempo de Miguel Amado, pap\u00e1 del joven al que le sacaron la moto, quien coment\u00f3 que el s\u00e1bado a la madrugada le sacan el rodado porque no ten\u00eda los papeles. Hoy, cuando se acerca al juzgado de faltas para retirar la moto con los papeles correspondientes, le dijeron que la moto [&hellip;]<\/p>\n","protected":false},"author":4,"featured_media":6788,"comment_status":"open","ping_status":"open","sticky":false,"template":"","format":"standard","meta":{"footnotes":""},"categories":[174],"tags":[61],"class_list":["post-6786","post","type-post","status-publish","format-standard","has-post-thumbnail","hentry","category-local","tag-principal"],"amp_enabled":true,"_links":{"self":[{"href":"https:\/\/tiemponoticias.com.ar\/noticias\/wp-json\/wp\/v2\/posts\/6786","targetHints":{"allow":["GET"]}}],"collection":[{"href":"https:\/\/tiemponoticias.com.ar\/noticias\/wp-json\/wp\/v2\/posts"}],"about":[{"href":"https:\/\/tiemponoticias.com.ar\/noticias\/wp-json\/wp\/v2\/types\/post"}],"author":[{"embeddable":true,"href":"https:\/\/tiemponoticias.com.ar\/noticias\/wp-json\/wp\/v2\/users\/4"}],"replies":[{"embeddable":true,"href":"https:\/\/tiemponoticias.com.ar\/noticias\/wp-json\/wp\/v2\/comments?post=6786"}],"version-history":[{"count":1,"href":"https:\/\/tiemponoticias.com.ar\/noticias\/wp-json\/wp\/v2\/posts\/6786\/revisions"}],"predecessor-version":[{"id":6789,"href":"https:\/\/tiemponoticias.com.ar\/noticias\/wp-json\/wp\/v2\/posts\/6786\/revisions\/6789"}],"wp:featuredmedia":[{"embeddable":true,"href":"https:\/\/tiemponoticias.com.ar\/noticias\/wp-json\/wp\/v2\/media\/6788"}],"wp:attachment":[{"href":"https:\/\/tiemponoticias.com.ar\/noticias\/wp-json\/wp\/v2\/media?parent=6786"}],"wp:term":[{"taxonomy":"category","embeddable":true,"href":"https:\/\/tiemponoticias.com.ar\/noticias\/wp-json\/wp\/v2\/categories?post=6786"},{"taxonomy":"post_tag","embeddable":true,"href":"https:\/\/tiemponoticias.com.ar\/noticias\/wp-json\/wp\/v2\/tags?post=6786"}],"curies":[{"name":"wp","href":"https:\/\/api.w.org\/{rel}","templated":true}]}}