{"id":6569,"date":"2025-06-25T12:22:27","date_gmt":"2025-06-25T15:22:27","guid":{"rendered":"https:\/\/tiemponoticias.com.ar\/noticias\/?p=6569"},"modified":"2025-06-25T12:22:27","modified_gmt":"2025-06-25T15:22:27","slug":"%f0%9f%94%b4-ingresaron-al-corralon-rompieron-vidrios-y-se-robaron-el-auto-del-sereno","status":"publish","type":"post","link":"https:\/\/tiemponoticias.com.ar\/noticias\/%f0%9f%94%b4-ingresaron-al-corralon-rompieron-vidrios-y-se-robaron-el-auto-del-sereno\/","title":{"rendered":"&#x1f534; INGRESARON AL CORRAL\u00d3N, ROMPIERON VIDRIOS Y SE ROBARON EL AUTO DEL SERENO"},"content":{"rendered":"<p>Desde el m\u00f3vil de #FmTiempo, Juan \u201cPelusa\u201d Maza se acerc\u00f3 hasta el lugar y pudo hablar con algunos de los empleados, que le contaron c\u00f3mo hab\u00eda sucedido el robo.<\/p>\n<p>\u201cRompieron algunos vidrios, ingresaron por la puerta que est\u00e1 pegadita al polideportivo.\u201d<\/p>\n<p>\u201cEstaba el sereno, Lucas Hern\u00e1ndez, aproximadamente a las dos de la ma\u00f1ana. Rompieron el vidrio e ingresaron.\u201d<\/p>\n<p>\u201cLlegaron hasta uno de los lugares donde est\u00e1 el sereno, aparentemente lo golpearon. Se llevaron su auto.\u201d<\/p>\n<p>Tiemponoticias.com.ar<\/p>\n<p>Www.Tiemponoticias.com.ar<\/p>\n<p>Noticias Baradero<\/p>\n","protected":false},"excerpt":{"rendered":"<p>Desde el m\u00f3vil de #FmTiempo, Juan \u201cPelusa\u201d Maza se acerc\u00f3 hasta el lugar y pudo hablar con algunos de los empleados, que le contaron c\u00f3mo hab\u00eda sucedido el robo. \u201cRompieron algunos vidrios, ingresaron por la puerta que est\u00e1 pegadita al polideportivo.\u201d \u201cEstaba el sereno, Lucas Hern\u00e1ndez, aproximadamente a las dos de la ma\u00f1ana. Rompieron el [&hellip;]<\/p>\n","protected":false},"author":4,"featured_media":6571,"comment_status":"open","ping_status":"open","sticky":false,"template":"","format":"standard","meta":{"footnotes":""},"categories":[174,175],"tags":[61],"class_list":["post-6569","post","type-post","status-publish","format-standard","has-post-thumbnail","hentry","category-local","category-policiales","tag-principal"],"amp_enabled":true,"_links":{"self":[{"href":"https:\/\/tiemponoticias.com.ar\/noticias\/wp-json\/wp\/v2\/posts\/6569","targetHints":{"allow":["GET"]}}],"collection":[{"href":"https:\/\/tiemponoticias.com.ar\/noticias\/wp-json\/wp\/v2\/posts"}],"about":[{"href":"https:\/\/tiemponoticias.com.ar\/noticias\/wp-json\/wp\/v2\/types\/post"}],"author":[{"embeddable":true,"href":"https:\/\/tiemponoticias.com.ar\/noticias\/wp-json\/wp\/v2\/users\/4"}],"replies":[{"embeddable":true,"href":"https:\/\/tiemponoticias.com.ar\/noticias\/wp-json\/wp\/v2\/comments?post=6569"}],"version-history":[{"count":1,"href":"https:\/\/tiemponoticias.com.ar\/noticias\/wp-json\/wp\/v2\/posts\/6569\/revisions"}],"predecessor-version":[{"id":6572,"href":"https:\/\/tiemponoticias.com.ar\/noticias\/wp-json\/wp\/v2\/posts\/6569\/revisions\/6572"}],"wp:featuredmedia":[{"embeddable":true,"href":"https:\/\/tiemponoticias.com.ar\/noticias\/wp-json\/wp\/v2\/media\/6571"}],"wp:attachment":[{"href":"https:\/\/tiemponoticias.com.ar\/noticias\/wp-json\/wp\/v2\/media?parent=6569"}],"wp:term":[{"taxonomy":"category","embeddable":true,"href":"https:\/\/tiemponoticias.com.ar\/noticias\/wp-json\/wp\/v2\/categories?post=6569"},{"taxonomy":"post_tag","embeddable":true,"href":"https:\/\/tiemponoticias.com.ar\/noticias\/wp-json\/wp\/v2\/tags?post=6569"}],"curies":[{"name":"wp","href":"https:\/\/api.w.org\/{rel}","templated":true}]}}