{"id":6331,"date":"2025-05-30T12:32:47","date_gmt":"2025-05-30T15:32:47","guid":{"rendered":"https:\/\/tiemponoticias.com.ar\/noticias\/?p=6331"},"modified":"2025-05-30T12:32:47","modified_gmt":"2025-05-30T15:32:47","slug":"%f0%9f%94%b4-es-para-que-se-hagan-eco-de-lo-que-esta-pasando-para-nosotros-es-una-verguenza","status":"publish","type":"post","link":"https:\/\/tiemponoticias.com.ar\/noticias\/%f0%9f%94%b4-es-para-que-se-hagan-eco-de-lo-que-esta-pasando-para-nosotros-es-una-verguenza\/","title":{"rendered":"&#x1f534; \u201cES PARA QUE SE HAGAN ECO DE LO QUE EST\u00c1 PASANDO, PARA NOSOTROS ES UNA VERG\u00dcENZA\u201d"},"content":{"rendered":"<p style=\"text-align: left;\">Lo dijo para #FmTiempo el integrante de la Sociedad Rural, Pablo Roller, con respecto al comunicado que lanzaron d\u00edas atr\u00e1s por el mal estado de la ruta 41 y el corte de la ruta 9.<\/p>\n<p>\u201cYo no s\u00e9 si es dur\u00edsima o no, pero es para que se hagan eco de lo que est\u00e1 pasando, para nosotros es una verg\u00fcenza\u201d.<\/p>\n<p>\u201cLa ruta 41 es intransitable, con poco o mucho tr\u00e1nsito, ya estaba estropeada, hay pozos, autos rotos en los costados de los caminos\u201d.<\/p>\n<p>\u201cLa ruta 9 tampoco es que la vol\u00f3 a pedazos, no fueron tanto los da\u00f1os como para que no tengan capacidad de solucionar el problema\u201d.<\/p>\n<p>\u201cLa ruta 41 para nosotros es fundamental para movernos con la maquinaria porque no ten\u00e9s lugares internos. La ruta es una trampa, no ten\u00e9s banquina, ayer se pusieron a hacer bacheo con el despelote\u201d.<\/p>\n<p>\u201cSomos los ciudadanos los que sufrimos las incoherencias, somos los que pagamos los impuestos\u201d.<\/p>\n<p>\u201cLo otro que te indigna es que est\u00e1s pagando un peaje para que se haga, para que se mantenga, y no hay ni un fondo de ayuda\u201d.<\/p>\n<p>Tiemponoticias.com.ar<\/p>\n<p>Www.Tiemponoticias.com.ar<\/p>\n<p>Noticias Baradero<\/p>\n","protected":false},"excerpt":{"rendered":"<p>Lo dijo para #FmTiempo el integrante de la Sociedad Rural, Pablo Roller, con respecto al comunicado que lanzaron d\u00edas atr\u00e1s por el mal estado de la ruta 41 y el corte de la ruta 9. \u201cYo no s\u00e9 si es dur\u00edsima o no, pero es para que se hagan eco de lo que est\u00e1 pasando, [&hellip;]<\/p>\n","protected":false},"author":4,"featured_media":6332,"comment_status":"open","ping_status":"open","sticky":false,"template":"","format":"standard","meta":{"footnotes":""},"categories":[174],"tags":[61],"class_list":["post-6331","post","type-post","status-publish","format-standard","has-post-thumbnail","hentry","category-local","tag-principal"],"amp_enabled":true,"_links":{"self":[{"href":"https:\/\/tiemponoticias.com.ar\/noticias\/wp-json\/wp\/v2\/posts\/6331","targetHints":{"allow":["GET"]}}],"collection":[{"href":"https:\/\/tiemponoticias.com.ar\/noticias\/wp-json\/wp\/v2\/posts"}],"about":[{"href":"https:\/\/tiemponoticias.com.ar\/noticias\/wp-json\/wp\/v2\/types\/post"}],"author":[{"embeddable":true,"href":"https:\/\/tiemponoticias.com.ar\/noticias\/wp-json\/wp\/v2\/users\/4"}],"replies":[{"embeddable":true,"href":"https:\/\/tiemponoticias.com.ar\/noticias\/wp-json\/wp\/v2\/comments?post=6331"}],"version-history":[{"count":1,"href":"https:\/\/tiemponoticias.com.ar\/noticias\/wp-json\/wp\/v2\/posts\/6331\/revisions"}],"predecessor-version":[{"id":6333,"href":"https:\/\/tiemponoticias.com.ar\/noticias\/wp-json\/wp\/v2\/posts\/6331\/revisions\/6333"}],"wp:featuredmedia":[{"embeddable":true,"href":"https:\/\/tiemponoticias.com.ar\/noticias\/wp-json\/wp\/v2\/media\/6332"}],"wp:attachment":[{"href":"https:\/\/tiemponoticias.com.ar\/noticias\/wp-json\/wp\/v2\/media?parent=6331"}],"wp:term":[{"taxonomy":"category","embeddable":true,"href":"https:\/\/tiemponoticias.com.ar\/noticias\/wp-json\/wp\/v2\/categories?post=6331"},{"taxonomy":"post_tag","embeddable":true,"href":"https:\/\/tiemponoticias.com.ar\/noticias\/wp-json\/wp\/v2\/tags?post=6331"}],"curies":[{"name":"wp","href":"https:\/\/api.w.org\/{rel}","templated":true}]}}