{"id":6327,"date":"2025-05-30T12:32:01","date_gmt":"2025-05-30T15:32:01","guid":{"rendered":"https:\/\/tiemponoticias.com.ar\/noticias\/?p=6327"},"modified":"2025-05-30T12:32:01","modified_gmt":"2025-05-30T15:32:01","slug":"%f0%9f%94%b4-armaron-un-grupo-de-whatsapp-entre-vecinos-que-sufrieron-robos","status":"publish","type":"post","link":"https:\/\/tiemponoticias.com.ar\/noticias\/%f0%9f%94%b4-armaron-un-grupo-de-whatsapp-entre-vecinos-que-sufrieron-robos\/","title":{"rendered":"&#x1f534; ARMARON UN GRUPO DE WHATSAPP ENTRE VECINOS QUE SUFRIERON ROBOS"},"content":{"rendered":"<p>En comunicaci\u00f3n por #FmTiempo Silvina Fern\u00e1ndez, vecina de la ciudad, habl\u00f3 acerca de este grupo entre los vecinos que fueron v\u00edctimas de robos de moto, para poder ayudarse entre s\u00ed y buscar soluciones.<\/p>\n<p>\u201cYa est\u00e1 conformado el grupo, hace dos meses m\u00e1s o menos, y de todas las personas que les van robando la moto, los vamos agregando al grupo.<\/p>\n<p>\u201cYa pedimos una reuni\u00f3n con el intendente y los concejales\u201d.<\/p>\n<p>\u201cEl petitorio consiste en m\u00e1s patrullaje, en sentirnos m\u00e1s acompa\u00f1ados\u201d.<\/p>\n<p>\u201cAlgunas personas que est\u00e1n en el grupo no han ni recuperado las motos. Cuando pasa alg\u00fan robo, no hay nadie que levante un tel\u00e9fono para preguntarte si necesit\u00e1s algo\u201d.<\/p>\n<p>\u201cTambi\u00e9n que desde la comisar\u00eda te tomen la denuncia\u201d.<\/p>\n<p>\u201cEs terrible lo que est\u00e1 pasando y no s\u00e9 c\u00f3mo nadie toma cartas en el asunto. Yo no s\u00e9 si los concejales no escuchan la radio, las noticias. No tienen en cuenta que puede llegar a ser peor\u201d.<\/p>\n<p>\u201cHace unos d\u00edas present\u00e9 la nota y no obtuve respuestas. Me cobraron para presentar la nota, encima\u201d.<\/p>\n<p>Tiemponoticias.com.ar<\/p>\n<p>Www.Tiemponoticias.com.ar<\/p>\n<p>Noticias Baradero<\/p>\n","protected":false},"excerpt":{"rendered":"<p>En comunicaci\u00f3n por #FmTiempo Silvina Fern\u00e1ndez, vecina de la ciudad, habl\u00f3 acerca de este grupo entre los vecinos que fueron v\u00edctimas de robos de moto, para poder ayudarse entre s\u00ed y buscar soluciones. \u201cYa est\u00e1 conformado el grupo, hace dos meses m\u00e1s o menos, y de todas las personas que les van robando la moto, [&hellip;]<\/p>\n","protected":false},"author":4,"featured_media":6329,"comment_status":"open","ping_status":"open","sticky":false,"template":"","format":"standard","meta":{"footnotes":""},"categories":[174],"tags":[61],"class_list":["post-6327","post","type-post","status-publish","format-standard","has-post-thumbnail","hentry","category-local","tag-principal"],"amp_enabled":true,"_links":{"self":[{"href":"https:\/\/tiemponoticias.com.ar\/noticias\/wp-json\/wp\/v2\/posts\/6327","targetHints":{"allow":["GET"]}}],"collection":[{"href":"https:\/\/tiemponoticias.com.ar\/noticias\/wp-json\/wp\/v2\/posts"}],"about":[{"href":"https:\/\/tiemponoticias.com.ar\/noticias\/wp-json\/wp\/v2\/types\/post"}],"author":[{"embeddable":true,"href":"https:\/\/tiemponoticias.com.ar\/noticias\/wp-json\/wp\/v2\/users\/4"}],"replies":[{"embeddable":true,"href":"https:\/\/tiemponoticias.com.ar\/noticias\/wp-json\/wp\/v2\/comments?post=6327"}],"version-history":[{"count":1,"href":"https:\/\/tiemponoticias.com.ar\/noticias\/wp-json\/wp\/v2\/posts\/6327\/revisions"}],"predecessor-version":[{"id":6330,"href":"https:\/\/tiemponoticias.com.ar\/noticias\/wp-json\/wp\/v2\/posts\/6327\/revisions\/6330"}],"wp:featuredmedia":[{"embeddable":true,"href":"https:\/\/tiemponoticias.com.ar\/noticias\/wp-json\/wp\/v2\/media\/6329"}],"wp:attachment":[{"href":"https:\/\/tiemponoticias.com.ar\/noticias\/wp-json\/wp\/v2\/media?parent=6327"}],"wp:term":[{"taxonomy":"category","embeddable":true,"href":"https:\/\/tiemponoticias.com.ar\/noticias\/wp-json\/wp\/v2\/categories?post=6327"},{"taxonomy":"post_tag","embeddable":true,"href":"https:\/\/tiemponoticias.com.ar\/noticias\/wp-json\/wp\/v2\/tags?post=6327"}],"curies":[{"name":"wp","href":"https:\/\/api.w.org\/{rel}","templated":true}]}}