{"id":6312,"date":"2025-05-29T12:34:40","date_gmt":"2025-05-29T15:34:40","guid":{"rendered":"https:\/\/tiemponoticias.com.ar\/noticias\/?p=6312"},"modified":"2025-05-29T12:34:40","modified_gmt":"2025-05-29T15:34:40","slug":"%f0%9f%94%b4-inseguridad-tres-delincuentes-a-punta-de-cuchillo-le-robaron-la-moto","status":"publish","type":"post","link":"https:\/\/tiemponoticias.com.ar\/noticias\/%f0%9f%94%b4-inseguridad-tres-delincuentes-a-punta-de-cuchillo-le-robaron-la-moto\/","title":{"rendered":"&#x1f534; #INSEGURIDAD | TRES DELINCUENTES A PUNTA DE CUCHILLO LE ROBARON LA MOTO"},"content":{"rendered":"<p>A trav\u00e9s de #FmTiempo Melani Gracia, hija de la mujer a la que le robaron, relat\u00f3 c\u00f3mo fue el hecho que sufri\u00f3 su mam\u00e1 a las 6:00 hs, cuando de camino al trabajo se le aparecieron tres personas que la amenazaron con un cuchillo en el cuello, la tiraron de la moto y se la robaron.<\/p>\n<p>\u201cMi mam\u00e1 se dirige a las 6:05 hs desde el barrio Plan Federal hacia el trabajo, que es por la cancha de Costa Azul.<\/p>\n<p>\u201cY por la altura de donde est\u00e1 la distribuidora Padros, ser\u00eda calle Gasc\u00f3n, una cuadra antes del bulevar Ren\u00e9 Sim\u00f3n, se acercan tres personas, la tiran de la moto y la amenazan con un cuchillo para que le entregue la moto y todo lo que ten\u00edan\u201d.<\/p>\n<p>\u201cLe pusieron el cuchillo en el cuello y la tiran de la moto para llev\u00e1rsela\u201d.<\/p>\n<p>\u201cUn hombre se acerca con el auto, les toca bocina para que no le hagan nada y se fueron\u201d.<\/p>\n<p>\u201cLa acompa\u00f1\u00f3 a la comisar\u00eda y le pidieron papeles, seguro, todo, y mi mam\u00e1 no ten\u00eda los papeles encima\u201d.<\/p>\n<p>\u201cLlego y estaban todos durmiendo en la comisar\u00eda. Mi mam\u00e1 estaba con un ataque de nervios, estaba golpeada porque se cay\u00f3\u201d.<\/p>\n<p>\u201cElla vuelve a su casa para buscar los papeles y, en eso de que mi hermana la va a buscar, los cruza a los chorros con la moto de mi mam\u00e1, andaban robando a esa hora\u201d.<\/p>\n<p>\u201cMi hermana lo busca a uno de mis hermanos y los salieron a buscar, andaban dando vuelta y robaron la otra moto que ten\u00edan\u201d.<\/p>\n<p>\u201cLa encontraron por atr\u00e1s del aeroclub Mart\u00edn Fierro al 1700, la ten\u00edan ah\u00ed en la casa, la moto de mi mam\u00e1 y otra m\u00e1s que era robada\u201d.<\/p>\n<p>\u201cYa le hab\u00edan sacado la patente, los espejos, no s\u00e9 c\u00f3mo hicieron, se ve que la fueron desarmando en el camino\u201d.<\/p>\n<p>\u201cEllos dec\u00edan que no era la moto de mi mam\u00e1 y mi hermano les dec\u00eda: \u2018Pero s\u00ed, esta moto es de mi mam\u00e1\u2019, y se la largaron a la zanja\u201d.<\/p>\n<p>\u201cLa polic\u00eda le preguntaba a mi hermana d\u00f3nde la recuperaron, todo, les faltaba que le pidieran el nombre y apellido de los chorros\u201d.<\/p>\n<p>Tiemponoticias.com.ar<\/p>\n<p>Www.Tiemponoticias.com.ar<\/p>\n<p>Noticias Baradero<\/p>\n","protected":false},"excerpt":{"rendered":"<p>A trav\u00e9s de #FmTiempo Melani Gracia, hija de la mujer a la que le robaron, relat\u00f3 c\u00f3mo fue el hecho que sufri\u00f3 su mam\u00e1 a las 6:00 hs, cuando de camino al trabajo se le aparecieron tres personas que la amenazaron con un cuchillo en el cuello, la tiraron de la moto y se la [&hellip;]<\/p>\n","protected":false},"author":4,"featured_media":6313,"comment_status":"open","ping_status":"open","sticky":false,"template":"","format":"standard","meta":{"footnotes":""},"categories":[174,175],"tags":[61],"class_list":["post-6312","post","type-post","status-publish","format-standard","has-post-thumbnail","hentry","category-local","category-policiales","tag-principal"],"amp_enabled":true,"_links":{"self":[{"href":"https:\/\/tiemponoticias.com.ar\/noticias\/wp-json\/wp\/v2\/posts\/6312","targetHints":{"allow":["GET"]}}],"collection":[{"href":"https:\/\/tiemponoticias.com.ar\/noticias\/wp-json\/wp\/v2\/posts"}],"about":[{"href":"https:\/\/tiemponoticias.com.ar\/noticias\/wp-json\/wp\/v2\/types\/post"}],"author":[{"embeddable":true,"href":"https:\/\/tiemponoticias.com.ar\/noticias\/wp-json\/wp\/v2\/users\/4"}],"replies":[{"embeddable":true,"href":"https:\/\/tiemponoticias.com.ar\/noticias\/wp-json\/wp\/v2\/comments?post=6312"}],"version-history":[{"count":1,"href":"https:\/\/tiemponoticias.com.ar\/noticias\/wp-json\/wp\/v2\/posts\/6312\/revisions"}],"predecessor-version":[{"id":6314,"href":"https:\/\/tiemponoticias.com.ar\/noticias\/wp-json\/wp\/v2\/posts\/6312\/revisions\/6314"}],"wp:featuredmedia":[{"embeddable":true,"href":"https:\/\/tiemponoticias.com.ar\/noticias\/wp-json\/wp\/v2\/media\/6313"}],"wp:attachment":[{"href":"https:\/\/tiemponoticias.com.ar\/noticias\/wp-json\/wp\/v2\/media?parent=6312"}],"wp:term":[{"taxonomy":"category","embeddable":true,"href":"https:\/\/tiemponoticias.com.ar\/noticias\/wp-json\/wp\/v2\/categories?post=6312"},{"taxonomy":"post_tag","embeddable":true,"href":"https:\/\/tiemponoticias.com.ar\/noticias\/wp-json\/wp\/v2\/tags?post=6312"}],"curies":[{"name":"wp","href":"https:\/\/api.w.org\/{rel}","templated":true}]}}