{"id":6308,"date":"2025-05-28T12:45:51","date_gmt":"2025-05-28T15:45:51","guid":{"rendered":"https:\/\/tiemponoticias.com.ar\/noticias\/?p=6308"},"modified":"2025-05-28T12:45:51","modified_gmt":"2025-05-28T15:45:51","slug":"%f0%9f%94%b4-detuvieron-a-un-hombre-en-alsina-por-abuso-sexual-agravado-hacia-su-hija","status":"publish","type":"post","link":"https:\/\/tiemponoticias.com.ar\/noticias\/%f0%9f%94%b4-detuvieron-a-un-hombre-en-alsina-por-abuso-sexual-agravado-hacia-su-hija\/","title":{"rendered":"&#x1f534; DETUVIERON A UN HOMBRE EN ALSINA POR ABUSO SEXUAL AGRAVADO HACIA SU HIJA"},"content":{"rendered":"<p>Dialogamos por #FmTiempo con el secretario de Desarollo Social, Santiago Erroz, sobre el caso de la joven que sufri\u00f3 abusos reiterados por parte de su padre, la causa se hab\u00eda iniciado en diciembre del a\u00f1o pasado y en el d\u00eda de ayer fue detenido. Adem\u00e1s la Fiscal\u00eda determin\u00f3 que producto de los abusos la joven transit\u00f3 un embarazo y dio a luz a un hijo.<\/p>\n<p>\u201cFue un hecho de intervenci\u00f3n de servicio local y el \u00e1rea de g\u00e9nero, donde se procede hacer una denuncia por una sospecha, bastante fundada, de lo que todo el mundo conoce\u201d.<\/p>\n<p>\u201cLa joven ahora est\u00e1 en la casa paterna y va a quedar bajo la guarda de su hermana mayor, que vive tambi\u00e9n en esa vivienda\u201d.<\/p>\n<p>\u201cSiempre que ella lo quiera, que la hermana tenga la guarda, y sino reveremos la situaci\u00f3n con el servicio\u201d.<\/p>\n<p>\u201cPrimero activamos una b\u00fasqueda de la joven que se hab\u00eda ido junto a este hombre y pudimos dar, a partir de ah\u00ed estuvo un tiempo en el hogar con su beb\u00e9 y ahora vamos a tratar de restablecer la situaci\u00f3n y que ella pueda retomar sus estudios en la escuela nocturna\u201d.<\/p>\n<p>\u201cHubo una segunda b\u00fasqueda de paradero despu\u00e9s de eso, se hab\u00eda acercado el mayor al hogar y hab\u00edan intentado fugarse otra vez\u201d.<\/p>\n<p>\u201cSeguramente llamen a declarar a la menor ahora, por suerte est\u00e1 en mano de la justicia\u201d.<\/p>\n<p>\u201cPor lo que tengo entendido no se recuper\u00f3 el contacto con la madre\u201d.<\/p>\n<p>\u201cLa denuncia es por una violaci\u00f3n de un padre a una hija\u201d.<\/p>\n<p>Tiemponoticias.com.ar<\/p>\n<p>Www.Tiemponoticias.com.ar<\/p>\n<p>Noticias Baradero<\/p>\n","protected":false},"excerpt":{"rendered":"<p>Dialogamos por #FmTiempo con el secretario de Desarollo Social, Santiago Erroz, sobre el caso de la joven que sufri\u00f3 abusos reiterados por parte de su padre, la causa se hab\u00eda iniciado en diciembre del a\u00f1o pasado y en el d\u00eda de ayer fue detenido. Adem\u00e1s la Fiscal\u00eda determin\u00f3 que producto de los abusos la joven [&hellip;]<\/p>\n","protected":false},"author":4,"featured_media":6309,"comment_status":"open","ping_status":"open","sticky":false,"template":"","format":"standard","meta":{"footnotes":""},"categories":[174,175],"tags":[61],"class_list":["post-6308","post","type-post","status-publish","format-standard","has-post-thumbnail","hentry","category-local","category-policiales","tag-principal"],"amp_enabled":true,"_links":{"self":[{"href":"https:\/\/tiemponoticias.com.ar\/noticias\/wp-json\/wp\/v2\/posts\/6308","targetHints":{"allow":["GET"]}}],"collection":[{"href":"https:\/\/tiemponoticias.com.ar\/noticias\/wp-json\/wp\/v2\/posts"}],"about":[{"href":"https:\/\/tiemponoticias.com.ar\/noticias\/wp-json\/wp\/v2\/types\/post"}],"author":[{"embeddable":true,"href":"https:\/\/tiemponoticias.com.ar\/noticias\/wp-json\/wp\/v2\/users\/4"}],"replies":[{"embeddable":true,"href":"https:\/\/tiemponoticias.com.ar\/noticias\/wp-json\/wp\/v2\/comments?post=6308"}],"version-history":[{"count":1,"href":"https:\/\/tiemponoticias.com.ar\/noticias\/wp-json\/wp\/v2\/posts\/6308\/revisions"}],"predecessor-version":[{"id":6310,"href":"https:\/\/tiemponoticias.com.ar\/noticias\/wp-json\/wp\/v2\/posts\/6308\/revisions\/6310"}],"wp:featuredmedia":[{"embeddable":true,"href":"https:\/\/tiemponoticias.com.ar\/noticias\/wp-json\/wp\/v2\/media\/6309"}],"wp:attachment":[{"href":"https:\/\/tiemponoticias.com.ar\/noticias\/wp-json\/wp\/v2\/media?parent=6308"}],"wp:term":[{"taxonomy":"category","embeddable":true,"href":"https:\/\/tiemponoticias.com.ar\/noticias\/wp-json\/wp\/v2\/categories?post=6308"},{"taxonomy":"post_tag","embeddable":true,"href":"https:\/\/tiemponoticias.com.ar\/noticias\/wp-json\/wp\/v2\/tags?post=6308"}],"curies":[{"name":"wp","href":"https:\/\/api.w.org\/{rel}","templated":true}]}}