{"id":6275,"date":"2025-05-27T12:24:55","date_gmt":"2025-05-27T15:24:55","guid":{"rendered":"https:\/\/tiemponoticias.com.ar\/noticias\/?p=6275"},"modified":"2025-05-27T12:24:55","modified_gmt":"2025-05-27T15:24:55","slug":"%f0%9f%94%b4-nosotros-no-podemos-hacer-las-fiestas-populares-con-ningun-recurso-municipal","status":"publish","type":"post","link":"https:\/\/tiemponoticias.com.ar\/noticias\/%f0%9f%94%b4-nosotros-no-podemos-hacer-las-fiestas-populares-con-ningun-recurso-municipal\/","title":{"rendered":"&#x1f534; \u201cNOSOTROS NO PODEMOS HACER LAS FIESTAS POPULARES CON NING\u00daN RECURSO MUNICIPAL\u201d"},"content":{"rendered":"<p>En comunicaci\u00f3n por #FmTiempo, la Secretar\u00eda de Cultura, Educaci\u00f3n, Comunicaci\u00f3n y Deporte, Luciana Depauli, explic\u00f3 el motivo por el cual decidieron las villas cobrarles a los emprendedores.<\/p>\n<p>\u201cNosotros siempre intentamos que los emprendedores y gastron\u00f3micos puedan tener siempre un beneficio, por eso en las fiestas populares no se le cobraba un canon\u201d.<\/p>\n<p>\u201cNosotros no podemos hacer las fiestas populares con ning\u00fan recurso municipal, y necesitamos encontrar otra alternativa para que las localidades puedan seguir haci\u00e9ndolas\u201d.<\/p>\n<p>\u201cLa alternativa que encontramos es armar una comisi\u00f3n en las distintas localidades para hacer las fiestas\u201d.<\/p>\n<p>\u201cConformamos nosotros una comisi\u00f3n de Portela, con el jard\u00edn, delegaci\u00f3n, el club, e inscribimos a los artesanos y que el pago de los artesanos vaya directo al club\u201d.<\/p>\n<p>\u201cCon esa inscripci\u00f3n se pag\u00f3 el sonido, las bandas\u201d.<\/p>\n<p>\u201cNo tenemos la alternativa de que puedan acudir gratis, pero s\u00ed con un canon menor a los de afuera\u201d.<\/p>\n<p>\u201cPara aquellos que no pod\u00edan pagar el canon y el flete, s\u00ed les permitimos que puedan feriar en plaza Mitre\u201d.<\/p>\n<p>\u201cNo vemos a corto plazo un esquema distinto. No podemos sostener eso con fondos municipales\u201d.<\/p>\n<p>\u201cHoy lo que podemos es poner el cuerpo, pero fondo no, por ejemplo tr\u00e1nsito, defensa civil\u201d.<\/p>\n<p>\u201cEs una decisi\u00f3n que tomamos en conjunto (con respecto a cobrarle a los artesanos), no tenemos otro m\u00e9todo, creo que las fiestas salieron muy bien ambas\u201d.<\/p>\n<p>Tiemponoticias.com.ar<\/p>\n<p>Www.Tiemponoticias.com.ar<\/p>\n<p>Noticias Baradero<\/p>\n","protected":false},"excerpt":{"rendered":"<p>En comunicaci\u00f3n por #FmTiempo, la Secretar\u00eda de Cultura, Educaci\u00f3n, Comunicaci\u00f3n y Deporte, Luciana Depauli, explic\u00f3 el motivo por el cual decidieron las villas cobrarles a los emprendedores. \u201cNosotros siempre intentamos que los emprendedores y gastron\u00f3micos puedan tener siempre un beneficio, por eso en las fiestas populares no se le cobraba un canon\u201d. \u201cNosotros no podemos [&hellip;]<\/p>\n","protected":false},"author":4,"featured_media":6277,"comment_status":"open","ping_status":"open","sticky":false,"template":"","format":"standard","meta":{"footnotes":""},"categories":[174],"tags":[61],"class_list":["post-6275","post","type-post","status-publish","format-standard","has-post-thumbnail","hentry","category-local","tag-principal"],"amp_enabled":true,"_links":{"self":[{"href":"https:\/\/tiemponoticias.com.ar\/noticias\/wp-json\/wp\/v2\/posts\/6275","targetHints":{"allow":["GET"]}}],"collection":[{"href":"https:\/\/tiemponoticias.com.ar\/noticias\/wp-json\/wp\/v2\/posts"}],"about":[{"href":"https:\/\/tiemponoticias.com.ar\/noticias\/wp-json\/wp\/v2\/types\/post"}],"author":[{"embeddable":true,"href":"https:\/\/tiemponoticias.com.ar\/noticias\/wp-json\/wp\/v2\/users\/4"}],"replies":[{"embeddable":true,"href":"https:\/\/tiemponoticias.com.ar\/noticias\/wp-json\/wp\/v2\/comments?post=6275"}],"version-history":[{"count":1,"href":"https:\/\/tiemponoticias.com.ar\/noticias\/wp-json\/wp\/v2\/posts\/6275\/revisions"}],"predecessor-version":[{"id":6278,"href":"https:\/\/tiemponoticias.com.ar\/noticias\/wp-json\/wp\/v2\/posts\/6275\/revisions\/6278"}],"wp:featuredmedia":[{"embeddable":true,"href":"https:\/\/tiemponoticias.com.ar\/noticias\/wp-json\/wp\/v2\/media\/6277"}],"wp:attachment":[{"href":"https:\/\/tiemponoticias.com.ar\/noticias\/wp-json\/wp\/v2\/media?parent=6275"}],"wp:term":[{"taxonomy":"category","embeddable":true,"href":"https:\/\/tiemponoticias.com.ar\/noticias\/wp-json\/wp\/v2\/categories?post=6275"},{"taxonomy":"post_tag","embeddable":true,"href":"https:\/\/tiemponoticias.com.ar\/noticias\/wp-json\/wp\/v2\/tags?post=6275"}],"curies":[{"name":"wp","href":"https:\/\/api.w.org\/{rel}","templated":true}]}}