{"id":6272,"date":"2025-05-27T12:23:24","date_gmt":"2025-05-27T15:23:24","guid":{"rendered":"https:\/\/tiemponoticias.com.ar\/noticias\/?p=6272"},"modified":"2025-05-27T12:23:24","modified_gmt":"2025-05-27T15:23:24","slug":"%f0%9f%94%b4-se-le-perdio-su-perrita-pero-ella-cree-que-se-la-robaron","status":"publish","type":"post","link":"https:\/\/tiemponoticias.com.ar\/noticias\/%f0%9f%94%b4-se-le-perdio-su-perrita-pero-ella-cree-que-se-la-robaron\/","title":{"rendered":"&#x1f534; SE LE PERDI\u00d3 SU PERRITA PERO ELLA CREE QUE SE LA ROBARON"},"content":{"rendered":"<p>A trav\u00e9s de #FmTiempo, Bea Patrone, vecina del barrio de la Colonia Suiza, cerca de la escuela 14, habl\u00f3 con respecto a que ella est\u00e1 segura de que alguien se llev\u00f3 a su perrita, que hace unos d\u00edas no aparece.<\/p>\n<p>\u201cEs una perrita muy de la casa, no est\u00e1 acostumbrada a irse\u201d.<\/p>\n<p>\u201cSiempre est\u00e1 ac\u00e1 adentro, cruza la calle s\u00ed, pero m\u00e1s de 20 o 30 metros no se va, es muy t\u00edmida y se asusta enseguida\u201d.<\/p>\n<p>\u201cSolita es imposible, por eso sospecho que me la han robado\u201d.<\/p>\n<p>\u201cPara m\u00ed alguien se la llev\u00f3\u201d.<\/p>\n<p>\u201cOjal\u00e1 que aparezca porque se la extra\u00f1a un mont\u00f3n, encima es de mi nieto y ya ayer me pregunt\u00f3 por ella\u201d.<\/p>\n<p>Tiemponoticias.com.ar<\/p>\n<p>Www.Tiemponoticias.com.ar<\/p>\n<p>Noticias Baradero<\/p>\n","protected":false},"excerpt":{"rendered":"<p>A trav\u00e9s de #FmTiempo, Bea Patrone, vecina del barrio de la Colonia Suiza, cerca de la escuela 14, habl\u00f3 con respecto a que ella est\u00e1 segura de que alguien se llev\u00f3 a su perrita, que hace unos d\u00edas no aparece. \u201cEs una perrita muy de la casa, no est\u00e1 acostumbrada a irse\u201d. \u201cSiempre est\u00e1 ac\u00e1 [&hellip;]<\/p>\n","protected":false},"author":4,"featured_media":6273,"comment_status":"open","ping_status":"open","sticky":false,"template":"","format":"standard","meta":{"footnotes":""},"categories":[174],"tags":[61],"class_list":["post-6272","post","type-post","status-publish","format-standard","has-post-thumbnail","hentry","category-local","tag-principal"],"amp_enabled":true,"_links":{"self":[{"href":"https:\/\/tiemponoticias.com.ar\/noticias\/wp-json\/wp\/v2\/posts\/6272","targetHints":{"allow":["GET"]}}],"collection":[{"href":"https:\/\/tiemponoticias.com.ar\/noticias\/wp-json\/wp\/v2\/posts"}],"about":[{"href":"https:\/\/tiemponoticias.com.ar\/noticias\/wp-json\/wp\/v2\/types\/post"}],"author":[{"embeddable":true,"href":"https:\/\/tiemponoticias.com.ar\/noticias\/wp-json\/wp\/v2\/users\/4"}],"replies":[{"embeddable":true,"href":"https:\/\/tiemponoticias.com.ar\/noticias\/wp-json\/wp\/v2\/comments?post=6272"}],"version-history":[{"count":1,"href":"https:\/\/tiemponoticias.com.ar\/noticias\/wp-json\/wp\/v2\/posts\/6272\/revisions"}],"predecessor-version":[{"id":6274,"href":"https:\/\/tiemponoticias.com.ar\/noticias\/wp-json\/wp\/v2\/posts\/6272\/revisions\/6274"}],"wp:featuredmedia":[{"embeddable":true,"href":"https:\/\/tiemponoticias.com.ar\/noticias\/wp-json\/wp\/v2\/media\/6273"}],"wp:attachment":[{"href":"https:\/\/tiemponoticias.com.ar\/noticias\/wp-json\/wp\/v2\/media?parent=6272"}],"wp:term":[{"taxonomy":"category","embeddable":true,"href":"https:\/\/tiemponoticias.com.ar\/noticias\/wp-json\/wp\/v2\/categories?post=6272"},{"taxonomy":"post_tag","embeddable":true,"href":"https:\/\/tiemponoticias.com.ar\/noticias\/wp-json\/wp\/v2\/tags?post=6272"}],"curies":[{"name":"wp","href":"https:\/\/api.w.org\/{rel}","templated":true}]}}