{"id":6268,"date":"2025-05-27T12:22:32","date_gmt":"2025-05-27T15:22:32","guid":{"rendered":"https:\/\/tiemponoticias.com.ar\/noticias\/?p=6268"},"modified":"2025-05-27T12:22:32","modified_gmt":"2025-05-27T15:22:32","slug":"%f0%9f%94%b4-se-decreto-el-cese-de-la-alerta","status":"publish","type":"post","link":"https:\/\/tiemponoticias.com.ar\/noticias\/%f0%9f%94%b4-se-decreto-el-cese-de-la-alerta\/","title":{"rendered":"&#x1f534; \u201cSE DECRET\u00d3 EL CESE DE LA ALERTA\u201d"},"content":{"rendered":"<p>Lo dijo por #FmTiempo el director de Defensa Civil, Gabriel Fontanari, en relaci\u00f3n al fin de la alerta naranja. Adem\u00e1s, cayeron 25 mil\u00edmetros de lluvia y se registraron vientos de hasta 50 km\/h.<\/p>\n<p>\u201cSe decret\u00f3 el cese de la alerta a las 7:00 hs\u201d.<\/p>\n<p>\u201cCayeron 25 mil\u00edmetros y se registr\u00f3 un viento de 50 km\/h\u201d.<\/p>\n<p>\u201cSi bien la lluvia fue de entre 25 y 28 mil\u00edmetros, llovi\u00f3 con bastante intensidad en algunos momentos, pero no gener\u00f3 complicaciones\u201d.<\/p>\n<p>Tiemponoticias.com.ar<\/p>\n<p>Www.Tiemponoticias.com.ar<\/p>\n<p>Noticias Baradero<\/p>\n","protected":false},"excerpt":{"rendered":"<p>Lo dijo por #FmTiempo el director de Defensa Civil, Gabriel Fontanari, en relaci\u00f3n al fin de la alerta naranja. Adem\u00e1s, cayeron 25 mil\u00edmetros de lluvia y se registraron vientos de hasta 50 km\/h. \u201cSe decret\u00f3 el cese de la alerta a las 7:00 hs\u201d. \u201cCayeron 25 mil\u00edmetros y se registr\u00f3 un viento de 50 km\/h\u201d. [&hellip;]<\/p>\n","protected":false},"author":4,"featured_media":6270,"comment_status":"open","ping_status":"open","sticky":false,"template":"","format":"standard","meta":{"footnotes":""},"categories":[174],"tags":[],"class_list":["post-6268","post","type-post","status-publish","format-standard","has-post-thumbnail","hentry","category-local"],"amp_enabled":true,"_links":{"self":[{"href":"https:\/\/tiemponoticias.com.ar\/noticias\/wp-json\/wp\/v2\/posts\/6268","targetHints":{"allow":["GET"]}}],"collection":[{"href":"https:\/\/tiemponoticias.com.ar\/noticias\/wp-json\/wp\/v2\/posts"}],"about":[{"href":"https:\/\/tiemponoticias.com.ar\/noticias\/wp-json\/wp\/v2\/types\/post"}],"author":[{"embeddable":true,"href":"https:\/\/tiemponoticias.com.ar\/noticias\/wp-json\/wp\/v2\/users\/4"}],"replies":[{"embeddable":true,"href":"https:\/\/tiemponoticias.com.ar\/noticias\/wp-json\/wp\/v2\/comments?post=6268"}],"version-history":[{"count":1,"href":"https:\/\/tiemponoticias.com.ar\/noticias\/wp-json\/wp\/v2\/posts\/6268\/revisions"}],"predecessor-version":[{"id":6271,"href":"https:\/\/tiemponoticias.com.ar\/noticias\/wp-json\/wp\/v2\/posts\/6268\/revisions\/6271"}],"wp:featuredmedia":[{"embeddable":true,"href":"https:\/\/tiemponoticias.com.ar\/noticias\/wp-json\/wp\/v2\/media\/6270"}],"wp:attachment":[{"href":"https:\/\/tiemponoticias.com.ar\/noticias\/wp-json\/wp\/v2\/media?parent=6268"}],"wp:term":[{"taxonomy":"category","embeddable":true,"href":"https:\/\/tiemponoticias.com.ar\/noticias\/wp-json\/wp\/v2\/categories?post=6268"},{"taxonomy":"post_tag","embeddable":true,"href":"https:\/\/tiemponoticias.com.ar\/noticias\/wp-json\/wp\/v2\/tags?post=6268"}],"curies":[{"name":"wp","href":"https:\/\/api.w.org\/{rel}","templated":true}]}}