{"id":5928,"date":"2025-05-05T12:04:43","date_gmt":"2025-05-05T15:04:43","guid":{"rendered":"https:\/\/tiemponoticias.com.ar\/noticias\/?p=5928"},"modified":"2025-05-05T12:11:06","modified_gmt":"2025-05-05T15:11:06","slug":"%f0%9f%94%b4-la-idea-es-que-en-todos-los-turnos-haya-gente-recorriendo-y-brindandole-respuesta-a-la-gente","status":"publish","type":"post","link":"https:\/\/tiemponoticias.com.ar\/noticias\/%f0%9f%94%b4-la-idea-es-que-en-todos-los-turnos-haya-gente-recorriendo-y-brindandole-respuesta-a-la-gente\/","title":{"rendered":"&#x1f534; \u201cLA IDEA ES QUE EN TODOS LOS TURNOS HAYA GENTE RECORRIENDO Y BRIND\u00c1NDOLE RESPUESTA A LA GENTE\u201d"},"content":{"rendered":"<p>Lo expres\u00f3 en #FmTiempo el nuevo encargado del cementerio, Gustavo Bogado, con respecto a los nuevos cambios que se van a realizar para mejorar la situaci\u00f3n del lugar. A partir de ahora la oficina administrativa atender\u00e1 de 7:00 a 12:00 y luego de 14:00 a 22:00, va a estar abierta para consultas.<\/p>\n<p>\u201cEl manejo del cementerio lo agregaron a mi \u00e1rea. No estoy ajeno a lo que est\u00e1 pasando\u201d.<\/p>\n<p>\u201cEs un nuevo desaf\u00edo, parte de una nueva etapa\u201d.<\/p>\n<p>\u201cLe quiero agradecer a todo el personal que nos reunimos esta ma\u00f1ana\u201d.<\/p>\n<p>\u201cFuimos con el cami\u00f3n del alumbrado a arreglar algunas luces, poner algunas y tambi\u00e9n fueron los chicos de espacios p\u00fablicos a cortar el pasto\u201d.<\/p>\n<p>\u201cJulio Morel es el nuevo jefe del cementerio y vamos a estar trabajando todos juntos\u201d.<\/p>\n<p>\u201cEs un \u00e1rea muy sensible y por eso es un desaf\u00edo\u201d.<\/p>\n<p>\u201cVamos a poner m\u00e1s gente a la tarde\u201d.<\/p>\n<p>\u201cLa oficina administrativa va a estar abierta de 7:00 a 12:00hs\u201d.<\/p>\n<p>\u201cY a la tarde va a estar abierta para consultas de 14:00 a 22:00hs\u201d.<\/p>\n<p>\u201cVan a estar los chicos recorriendo todo el tiempo\u201d.<\/p>\n<p>\u201cEl cementerio va a estar abierto de 7 a 18hs\u201d.<\/p>\n<p>\u201cLos fin de semana tienen que estar cubiertos de la misma forma\u201d.<\/p>\n<p>\u201cLa idea es que en todos los turnos haya gente recorriendo y brind\u00e1ndole respuesta a la gente\u201d.<\/p>\n<p>\u201cAtenci\u00f3n van a tener\u201d.<\/p>\n<p class=\"p1\">Tiemponoticias.com.ar<\/p>\n<p>Www.Tiemponoticias.com.ar<\/p>\n<p>Noticias Baradero<\/p>\n","protected":false},"excerpt":{"rendered":"<p>Lo expres\u00f3 en #FmTiempo el nuevo encargado del cementerio, Gustavo Bogado, con respecto a los nuevos cambios que se van a realizar para mejorar la situaci\u00f3n del lugar. A partir de ahora la oficina administrativa atender\u00e1 de 7:00 a 12:00 y luego de 14:00 a 22:00, va a estar abierta para consultas. \u201cEl manejo del [&hellip;]<\/p>\n","protected":false},"author":4,"featured_media":5929,"comment_status":"open","ping_status":"open","sticky":false,"template":"","format":"standard","meta":{"footnotes":""},"categories":[174],"tags":[61],"class_list":["post-5928","post","type-post","status-publish","format-standard","has-post-thumbnail","hentry","category-local","tag-principal"],"amp_enabled":true,"_links":{"self":[{"href":"https:\/\/tiemponoticias.com.ar\/noticias\/wp-json\/wp\/v2\/posts\/5928","targetHints":{"allow":["GET"]}}],"collection":[{"href":"https:\/\/tiemponoticias.com.ar\/noticias\/wp-json\/wp\/v2\/posts"}],"about":[{"href":"https:\/\/tiemponoticias.com.ar\/noticias\/wp-json\/wp\/v2\/types\/post"}],"author":[{"embeddable":true,"href":"https:\/\/tiemponoticias.com.ar\/noticias\/wp-json\/wp\/v2\/users\/4"}],"replies":[{"embeddable":true,"href":"https:\/\/tiemponoticias.com.ar\/noticias\/wp-json\/wp\/v2\/comments?post=5928"}],"version-history":[{"count":1,"href":"https:\/\/tiemponoticias.com.ar\/noticias\/wp-json\/wp\/v2\/posts\/5928\/revisions"}],"predecessor-version":[{"id":5931,"href":"https:\/\/tiemponoticias.com.ar\/noticias\/wp-json\/wp\/v2\/posts\/5928\/revisions\/5931"}],"wp:featuredmedia":[{"embeddable":true,"href":"https:\/\/tiemponoticias.com.ar\/noticias\/wp-json\/wp\/v2\/media\/5929"}],"wp:attachment":[{"href":"https:\/\/tiemponoticias.com.ar\/noticias\/wp-json\/wp\/v2\/media?parent=5928"}],"wp:term":[{"taxonomy":"category","embeddable":true,"href":"https:\/\/tiemponoticias.com.ar\/noticias\/wp-json\/wp\/v2\/categories?post=5928"},{"taxonomy":"post_tag","embeddable":true,"href":"https:\/\/tiemponoticias.com.ar\/noticias\/wp-json\/wp\/v2\/tags?post=5928"}],"curies":[{"name":"wp","href":"https:\/\/api.w.org\/{rel}","templated":true}]}}