{"id":5924,"date":"2025-05-05T12:00:52","date_gmt":"2025-05-05T15:00:52","guid":{"rendered":"https:\/\/tiemponoticias.com.ar\/noticias\/?p=5924"},"modified":"2025-05-05T12:01:12","modified_gmt":"2025-05-05T15:01:12","slug":"%f0%9f%94%b4-labraron-actas-a-gente-no-oriunda-de-baradero-que-estaban-cortando-gajos-de-pinos-en-la-zona-de-la-costanera","status":"publish","type":"post","link":"https:\/\/tiemponoticias.com.ar\/noticias\/%f0%9f%94%b4-labraron-actas-a-gente-no-oriunda-de-baradero-que-estaban-cortando-gajos-de-pinos-en-la-zona-de-la-costanera\/","title":{"rendered":"&#x1f534; LABRARON ACTAS A GENTE NO ORIUNDA DE BARADERO QUE ESTABAN CORTANDO GAJOS DE PINOS EN LA ZONA DE LA COSTANERA"},"content":{"rendered":"<p>A trav\u00e9s de #FmTiempo el director de defensa civil, Gabriel Fontanari, explic\u00f3 la situaci\u00f3n del fin de semana cuando tuvieron que realizar actas a turistas por el da\u00f1o que estaban ocasionando a las platas y por estar haciendo fuego.<\/p>\n<p>\u201cSe encontr\u00f3 gente que no es oriunda de Baradero cortando gajos de algunos pinos que estaban en la costanera\u201d.<\/p>\n<p>\u201cEso se detect\u00f3 en la recorrida y se labraron las actas, no solo por estar haciendo fuego sino por el da\u00f1o que ocasionaron en las plantas\u201d.<\/p>\n<p>\u201cM\u00e1s all\u00e1 del gran da\u00f1o, lo il\u00f3gico es que con esos pinos verdes no podes hacer nada\u201d.<\/p>\n<p>\u201cDespu\u00e9s de hacer las actas correspondientes se retiraron de Baradero\u201d.<\/p>\n<p>\u201cLa infracci\u00f3n es bastante importante\u201d.<\/p>\n<p class=\"p1\">Tiemponoticias.com.ar<\/p>\n<p>Www.Tiemponoticias.com.ar<\/p>\n<p>Noticias Baradero<\/p>\n","protected":false},"excerpt":{"rendered":"<p>A trav\u00e9s de #FmTiempo el director de defensa civil, Gabriel Fontanari, explic\u00f3 la situaci\u00f3n del fin de semana cuando tuvieron que realizar actas a turistas por el da\u00f1o que estaban ocasionando a las platas y por estar haciendo fuego. \u201cSe encontr\u00f3 gente que no es oriunda de Baradero cortando gajos de algunos pinos que estaban [&hellip;]<\/p>\n","protected":false},"author":4,"featured_media":5925,"comment_status":"open","ping_status":"open","sticky":false,"template":"","format":"standard","meta":{"footnotes":""},"categories":[174],"tags":[61],"class_list":["post-5924","post","type-post","status-publish","format-standard","has-post-thumbnail","hentry","category-local","tag-principal"],"amp_enabled":true,"_links":{"self":[{"href":"https:\/\/tiemponoticias.com.ar\/noticias\/wp-json\/wp\/v2\/posts\/5924","targetHints":{"allow":["GET"]}}],"collection":[{"href":"https:\/\/tiemponoticias.com.ar\/noticias\/wp-json\/wp\/v2\/posts"}],"about":[{"href":"https:\/\/tiemponoticias.com.ar\/noticias\/wp-json\/wp\/v2\/types\/post"}],"author":[{"embeddable":true,"href":"https:\/\/tiemponoticias.com.ar\/noticias\/wp-json\/wp\/v2\/users\/4"}],"replies":[{"embeddable":true,"href":"https:\/\/tiemponoticias.com.ar\/noticias\/wp-json\/wp\/v2\/comments?post=5924"}],"version-history":[{"count":2,"href":"https:\/\/tiemponoticias.com.ar\/noticias\/wp-json\/wp\/v2\/posts\/5924\/revisions"}],"predecessor-version":[{"id":5927,"href":"https:\/\/tiemponoticias.com.ar\/noticias\/wp-json\/wp\/v2\/posts\/5924\/revisions\/5927"}],"wp:featuredmedia":[{"embeddable":true,"href":"https:\/\/tiemponoticias.com.ar\/noticias\/wp-json\/wp\/v2\/media\/5925"}],"wp:attachment":[{"href":"https:\/\/tiemponoticias.com.ar\/noticias\/wp-json\/wp\/v2\/media?parent=5924"}],"wp:term":[{"taxonomy":"category","embeddable":true,"href":"https:\/\/tiemponoticias.com.ar\/noticias\/wp-json\/wp\/v2\/categories?post=5924"},{"taxonomy":"post_tag","embeddable":true,"href":"https:\/\/tiemponoticias.com.ar\/noticias\/wp-json\/wp\/v2\/tags?post=5924"}],"curies":[{"name":"wp","href":"https:\/\/api.w.org\/{rel}","templated":true}]}}