{"id":5920,"date":"2025-05-05T11:58:20","date_gmt":"2025-05-05T14:58:20","guid":{"rendered":"https:\/\/tiemponoticias.com.ar\/noticias\/?p=5920"},"modified":"2025-05-05T11:58:20","modified_gmt":"2025-05-05T14:58:20","slug":"%f0%9f%94%b4-cementerio-fue-algo-terrible-del-desastre-que-hicieron","status":"publish","type":"post","link":"https:\/\/tiemponoticias.com.ar\/noticias\/%f0%9f%94%b4-cementerio-fue-algo-terrible-del-desastre-que-hicieron\/","title":{"rendered":"&#x1f534; #CEMENTERIO| \u201cFUE ALGO TERRIBLE DEL DESASTRE QUE HICIERON\u201d."},"content":{"rendered":"<p>Lo manifest\u00f3 para #FmTiempo Daniel Calderon, damnificado por el robo en el cementerio, acerca de lo que sucedi\u00f3 en la ma\u00f1ana de ayer cuando lleg\u00f3 y se encontr\u00f3 con que le hab\u00edan robado siete placas de bronce de la b\u00f3veda familiar.<\/p>\n<p>\u201cFue algo terrible del desastre que hicieron\u201d.<\/p>\n<p>\u201cHace dos meses robaron la parte de arriba que dec\u00eda familia Calderon\u201d.<\/p>\n<p>\u201cY ayer robaron siete placas de bronce, sal\u00ed a buscar a los encargados y me encontr\u00e9 a un chico\u201d.<\/p>\n<p>\u201cMe coment\u00f3 que el jueves se llevaron a dos pibitos con barreta y todo, lo agarraron sacando placas\u201d.<\/p>\n<p>\u201cLe exig\u00ed que venga el patrullero que quer\u00eda hacer una exposici\u00f3n\u201d.<\/p>\n<p>\u201cFue un momento terrible\u201d.<\/p>\n<p>\u201cEl cementerio es zona liberada, en la parte de atr\u00e1s est\u00e1 todo abierto\u201d.<\/p>\n<p>\u201cEs una b\u00f3veda hermosa que nos cont\u00f3 hacerla\u201d.<\/p>\n<p>\u201cSiete placas en un rato, fue muy doloroso para la familia\u201d.<\/p>\n<p>\u201cMe dicen no tengo patrullero y yo le digo quiero que venga el patrullero porque quiero levantar una exposici\u00f3n\u201d.<\/p>\n<p>\u201cHabr\u00eda que recorrer los reducidores de Baradero, son tres o cuatros\u201d.<\/p>\n<p>\u201cEl kilo de bronce est\u00e1 $6.000\u201d.<\/p>\n<p>&nbsp;<\/p>\n<p class=\"p1\">Tiemponoticias.com.ar<\/p>\n<p>Www.Tiemponoticias.com.ar<\/p>\n<p>Noticias Baradero<\/p>\n","protected":false},"excerpt":{"rendered":"<p>Lo manifest\u00f3 para #FmTiempo Daniel Calderon, damnificado por el robo en el cementerio, acerca de lo que sucedi\u00f3 en la ma\u00f1ana de ayer cuando lleg\u00f3 y se encontr\u00f3 con que le hab\u00edan robado siete placas de bronce de la b\u00f3veda familiar. \u201cFue algo terrible del desastre que hicieron\u201d. \u201cHace dos meses robaron la parte de [&hellip;]<\/p>\n","protected":false},"author":4,"featured_media":5921,"comment_status":"open","ping_status":"open","sticky":false,"template":"","format":"standard","meta":{"footnotes":""},"categories":[174],"tags":[61],"class_list":["post-5920","post","type-post","status-publish","format-standard","has-post-thumbnail","hentry","category-local","tag-principal"],"amp_enabled":true,"_links":{"self":[{"href":"https:\/\/tiemponoticias.com.ar\/noticias\/wp-json\/wp\/v2\/posts\/5920","targetHints":{"allow":["GET"]}}],"collection":[{"href":"https:\/\/tiemponoticias.com.ar\/noticias\/wp-json\/wp\/v2\/posts"}],"about":[{"href":"https:\/\/tiemponoticias.com.ar\/noticias\/wp-json\/wp\/v2\/types\/post"}],"author":[{"embeddable":true,"href":"https:\/\/tiemponoticias.com.ar\/noticias\/wp-json\/wp\/v2\/users\/4"}],"replies":[{"embeddable":true,"href":"https:\/\/tiemponoticias.com.ar\/noticias\/wp-json\/wp\/v2\/comments?post=5920"}],"version-history":[{"count":1,"href":"https:\/\/tiemponoticias.com.ar\/noticias\/wp-json\/wp\/v2\/posts\/5920\/revisions"}],"predecessor-version":[{"id":5923,"href":"https:\/\/tiemponoticias.com.ar\/noticias\/wp-json\/wp\/v2\/posts\/5920\/revisions\/5923"}],"wp:featuredmedia":[{"embeddable":true,"href":"https:\/\/tiemponoticias.com.ar\/noticias\/wp-json\/wp\/v2\/media\/5921"}],"wp:attachment":[{"href":"https:\/\/tiemponoticias.com.ar\/noticias\/wp-json\/wp\/v2\/media?parent=5920"}],"wp:term":[{"taxonomy":"category","embeddable":true,"href":"https:\/\/tiemponoticias.com.ar\/noticias\/wp-json\/wp\/v2\/categories?post=5920"},{"taxonomy":"post_tag","embeddable":true,"href":"https:\/\/tiemponoticias.com.ar\/noticias\/wp-json\/wp\/v2\/tags?post=5920"}],"curies":[{"name":"wp","href":"https:\/\/api.w.org\/{rel}","templated":true}]}}