{"id":5855,"date":"2025-04-28T12:18:18","date_gmt":"2025-04-28T15:18:18","guid":{"rendered":"https:\/\/tiemponoticias.com.ar\/noticias\/?p=5855"},"modified":"2025-04-28T12:18:18","modified_gmt":"2025-04-28T15:18:18","slug":"%f0%9f%94%b4-yo-lo-que-veo-es-la-perdida-del-poder-adquisitivo-en-la-gente","status":"publish","type":"post","link":"https:\/\/tiemponoticias.com.ar\/noticias\/%f0%9f%94%b4-yo-lo-que-veo-es-la-perdida-del-poder-adquisitivo-en-la-gente\/","title":{"rendered":"&#x1f534; \u201cYO LO QUE VEO ES LA P\u00c9RDIDA DEL PODER ADQUISITIVO EN LA GENTE\u201d"},"content":{"rendered":"<p>Lo manifest\u00f3 para #FmTiempo el vicepresidente del centro de comercio , Nicol\u00e1s Raso, en referencia a la disminuci\u00f3n del consumo en nuestro ciudad.<\/p>\n<p>\u201cLo que noto es que el poder adquisitivo es lo que bajo bastante, los productos est\u00e1n bastante quietos\u201d.<\/p>\n<p>\u201cLo que han aumentado son los productos de primera l\u00ednea\u201d.<\/p>\n<p>\u201cTodos los comerciantes lo que tenemos es una suba fija de luz, seguros, sueldos\u201d.<\/p>\n<p>\u201cEsos gastos hacen que algo incremente porque uno tiene que mantener eso\u201d.<\/p>\n<p>\u201cYo lo que veo es la p\u00e9rdida del poder adquisitivo en la gente, en los sueldos\u201d.<\/p>\n<p>\u201cAhora conviene mucho m\u00e1s las segundas marcas\u201d.<\/p>\n<p>\u201cQuiz\u00e1s hay la misma cantidad de gente pero gastando menos\u201d.<\/p>\n<p>\u201cYo veo que despu\u00e9s de la devaluaci\u00f3n del 2023 los sueldos no subieron lo que ten\u00edan que subir, ah\u00ed te da un ejemplo de lo que pas\u00f3 con el poder adquisitivo\u201d.<\/p>\n<p>Tiemponoticias.com.ar<\/p>\n<p>Www.Tiemponoticias.com.ar<\/p>\n<p>Noticias Baradero<\/p>\n","protected":false},"excerpt":{"rendered":"<p>Lo manifest\u00f3 para #FmTiempo el vicepresidente del centro de comercio , Nicol\u00e1s Raso, en referencia a la disminuci\u00f3n del consumo en nuestro ciudad. \u201cLo que noto es que el poder adquisitivo es lo que bajo bastante, los productos est\u00e1n bastante quietos\u201d. \u201cLo que han aumentado son los productos de primera l\u00ednea\u201d. \u201cTodos los comerciantes lo [&hellip;]<\/p>\n","protected":false},"author":4,"featured_media":5856,"comment_status":"open","ping_status":"open","sticky":false,"template":"","format":"standard","meta":{"footnotes":""},"categories":[174],"tags":[61],"class_list":["post-5855","post","type-post","status-publish","format-standard","has-post-thumbnail","hentry","category-local","tag-principal"],"amp_enabled":true,"_links":{"self":[{"href":"https:\/\/tiemponoticias.com.ar\/noticias\/wp-json\/wp\/v2\/posts\/5855","targetHints":{"allow":["GET"]}}],"collection":[{"href":"https:\/\/tiemponoticias.com.ar\/noticias\/wp-json\/wp\/v2\/posts"}],"about":[{"href":"https:\/\/tiemponoticias.com.ar\/noticias\/wp-json\/wp\/v2\/types\/post"}],"author":[{"embeddable":true,"href":"https:\/\/tiemponoticias.com.ar\/noticias\/wp-json\/wp\/v2\/users\/4"}],"replies":[{"embeddable":true,"href":"https:\/\/tiemponoticias.com.ar\/noticias\/wp-json\/wp\/v2\/comments?post=5855"}],"version-history":[{"count":1,"href":"https:\/\/tiemponoticias.com.ar\/noticias\/wp-json\/wp\/v2\/posts\/5855\/revisions"}],"predecessor-version":[{"id":5857,"href":"https:\/\/tiemponoticias.com.ar\/noticias\/wp-json\/wp\/v2\/posts\/5855\/revisions\/5857"}],"wp:featuredmedia":[{"embeddable":true,"href":"https:\/\/tiemponoticias.com.ar\/noticias\/wp-json\/wp\/v2\/media\/5856"}],"wp:attachment":[{"href":"https:\/\/tiemponoticias.com.ar\/noticias\/wp-json\/wp\/v2\/media?parent=5855"}],"wp:term":[{"taxonomy":"category","embeddable":true,"href":"https:\/\/tiemponoticias.com.ar\/noticias\/wp-json\/wp\/v2\/categories?post=5855"},{"taxonomy":"post_tag","embeddable":true,"href":"https:\/\/tiemponoticias.com.ar\/noticias\/wp-json\/wp\/v2\/tags?post=5855"}],"curies":[{"name":"wp","href":"https:\/\/api.w.org\/{rel}","templated":true}]}}