{"id":5844,"date":"2025-04-28T12:15:00","date_gmt":"2025-04-28T15:15:00","guid":{"rendered":"https:\/\/tiemponoticias.com.ar\/noticias\/?p=5844"},"modified":"2025-04-28T12:15:00","modified_gmt":"2025-04-28T15:15:00","slug":"a-mi-lo-que-me-interesa-saber-es-quien-fue","status":"publish","type":"post","link":"https:\/\/tiemponoticias.com.ar\/noticias\/a-mi-lo-que-me-interesa-saber-es-quien-fue\/","title":{"rendered":"\u201cA MI LO QUE ME INTERESA SABER ES QUI\u00c9N FUE\u201d"},"content":{"rendered":"<p>Lo relat\u00f3 por #FmTiempo Nicol\u00e1s Vera, due\u00f1o del auto que se incendi\u00f3 en Medrano al 500, acerca de c\u00f3mo fue el momento que se da cuenta que su auto se estaba incendiando adem\u00e1s sostiene que fue hecho a prop\u00f3sito.<\/p>\n<p>\u201cSiendo las 23:00 me voy a tomar un helado con mi abuela, estuvimos m\u00e1s o menos media ahora ah\u00ed adentro\u201d.<\/p>\n<p>\u201cCuando salgo no estaba a m\u00e1s de 30 metros el auto de donde yo estaba, cuando salgo, del auto ya sal\u00eda fuego de la ventanilla y nadie vio nada\u201d.<\/p>\n<p>\u201cEs un lugar lleno de c\u00e1mara\u201d.<\/p>\n<p>\u201cDesconozco qu\u00e9 pas\u00f3, es la primera vez que veo un auto incendi\u00e1ndose y que explote\u201d.<\/p>\n<p>\u201cCuando salgo ya estaba saliendo fuego de la ventanilla\u201d.<\/p>\n<p>\u201cFue en ese lapso de 30 minutos\u201d.<\/p>\n<p>\u201cNo creo que sea una falla mec\u00e1nica\u201d.<\/p>\n<p>\u201cSolo no fue\u201d.<\/p>\n<p>\u201cFue destrucci\u00f3n total, a m\u00ed lo que me interesa saber es qui\u00e9n fue\u201d.<\/p>\n<p>\u201cA m\u00ed me lo prendieron fuego en pleno centro\u201d.<\/p>\n<p>Tiemponoticias.com.ar<\/p>\n<p>Www.Tiemponoticias.com.ar<\/p>\n<p>Noticias Baradero<\/p>\n","protected":false},"excerpt":{"rendered":"<p>Lo relat\u00f3 por #FmTiempo Nicol\u00e1s Vera, due\u00f1o del auto que se incendi\u00f3 en Medrano al 500, acerca de c\u00f3mo fue el momento que se da cuenta que su auto se estaba incendiando adem\u00e1s sostiene que fue hecho a prop\u00f3sito. \u201cSiendo las 23:00 me voy a tomar un helado con mi abuela, estuvimos m\u00e1s o menos [&hellip;]<\/p>\n","protected":false},"author":4,"featured_media":5848,"comment_status":"open","ping_status":"open","sticky":false,"template":"","format":"standard","meta":{"footnotes":""},"categories":[174],"tags":[61],"class_list":["post-5844","post","type-post","status-publish","format-standard","has-post-thumbnail","hentry","category-local","tag-principal"],"amp_enabled":true,"_links":{"self":[{"href":"https:\/\/tiemponoticias.com.ar\/noticias\/wp-json\/wp\/v2\/posts\/5844","targetHints":{"allow":["GET"]}}],"collection":[{"href":"https:\/\/tiemponoticias.com.ar\/noticias\/wp-json\/wp\/v2\/posts"}],"about":[{"href":"https:\/\/tiemponoticias.com.ar\/noticias\/wp-json\/wp\/v2\/types\/post"}],"author":[{"embeddable":true,"href":"https:\/\/tiemponoticias.com.ar\/noticias\/wp-json\/wp\/v2\/users\/4"}],"replies":[{"embeddable":true,"href":"https:\/\/tiemponoticias.com.ar\/noticias\/wp-json\/wp\/v2\/comments?post=5844"}],"version-history":[{"count":1,"href":"https:\/\/tiemponoticias.com.ar\/noticias\/wp-json\/wp\/v2\/posts\/5844\/revisions"}],"predecessor-version":[{"id":5849,"href":"https:\/\/tiemponoticias.com.ar\/noticias\/wp-json\/wp\/v2\/posts\/5844\/revisions\/5849"}],"wp:featuredmedia":[{"embeddable":true,"href":"https:\/\/tiemponoticias.com.ar\/noticias\/wp-json\/wp\/v2\/media\/5848"}],"wp:attachment":[{"href":"https:\/\/tiemponoticias.com.ar\/noticias\/wp-json\/wp\/v2\/media?parent=5844"}],"wp:term":[{"taxonomy":"category","embeddable":true,"href":"https:\/\/tiemponoticias.com.ar\/noticias\/wp-json\/wp\/v2\/categories?post=5844"},{"taxonomy":"post_tag","embeddable":true,"href":"https:\/\/tiemponoticias.com.ar\/noticias\/wp-json\/wp\/v2\/tags?post=5844"}],"curies":[{"name":"wp","href":"https:\/\/api.w.org\/{rel}","templated":true}]}}