{"id":5841,"date":"2025-04-28T12:10:29","date_gmt":"2025-04-28T15:10:29","guid":{"rendered":"https:\/\/tiemponoticias.com.ar\/noticias\/?p=5841"},"modified":"2025-04-28T12:10:29","modified_gmt":"2025-04-28T15:10:29","slug":"%f0%9f%94%b4-el-muchacho-lo-unico-que-me-dijo-es-que-estaba-tomando-un-helado-con-la-abuela-y-que-para-el-le-quemaron-el-auto-a-proposito","status":"publish","type":"post","link":"https:\/\/tiemponoticias.com.ar\/noticias\/%f0%9f%94%b4-el-muchacho-lo-unico-que-me-dijo-es-que-estaba-tomando-un-helado-con-la-abuela-y-que-para-el-le-quemaron-el-auto-a-proposito\/","title":{"rendered":"&#x1f534; \u201cEL MUCHACHO LO \u00daNICO QUE ME DIJO ES QUE ESTABA TOMANDO UN HELADO CON LA ABUELA Y QUE PARA \u00c9L LE QUEMARON EL AUTO A PROP\u00d3SITO\u201d"},"content":{"rendered":"<p>Lo expres\u00f3 por #FmTiempo Gast\u00f3n Lucero, due\u00f1o de la camioneta perjudicada, acerca del auto incendiado en Medrano al 500 y debido al alcance su camioneta termin\u00f3 con la parte trasera quemada.<\/p>\n<p>\u201cEstaba cenando, justo hab\u00eda terminado y me informan que hab\u00eda un incendio a la vuelta, justo ten\u00eda mi veh\u00edculo estacionado ah\u00ed\u201d.<\/p>\n<p>\u201cYo me qued\u00e9 tranquilo porque pens\u00e9 que no iba a pasar nada y uno me dice mira que se est\u00e1 quemado un veh\u00edculo atr\u00e1s tuyo\u201d.<\/p>\n<p>\u201cVoy caminando tranquilo y me dicen corre\u201d.<\/p>\n<p>\u201cMe subo r\u00e1pido para sacarla y ah\u00ed explota el auto\u201d.<\/p>\n<p>\u201cSon cosas que pueden pasar\u201d.<\/p>\n<p>\u201cSe acerc\u00f3 un muchacho y lo \u00fanico que me dijo es que estaba tomando un helado con la abuela y que para \u00e9l le quemaron el auto a prop\u00f3sito y eso\u201d.<\/p>\n<p>\u201cBomberos y la polic\u00eda trabajaron excelente\u201d.<\/p>\n<p>\u201cAyer me contact\u00e9 con la aseguradora, pas\u00e9 los datos y me faltan los datos de bomberos, se hace cargo el seguro\u201d.<\/p>\n<p>\u201cCuando me acerqu\u00e9 la parte trasera de la camioneta chillaba como cuando haces un asado\u201d.<\/p>\n<p>\u201cEra incre\u00edble el calor que largaba el auto\u201d.<\/p>\n<p>\u201cCuando me acerqu\u00e9 a mirar la camioneta me quemaba la cara\u201d.<\/p>\n<p>Tiemponoticias.com.ar<\/p>\n<p>Www.Tiemponoticias.com.ar<\/p>\n<p>Noticias Baradero<\/p>\n","protected":false},"excerpt":{"rendered":"<p>Lo expres\u00f3 por #FmTiempo Gast\u00f3n Lucero, due\u00f1o de la camioneta perjudicada, acerca del auto incendiado en Medrano al 500 y debido al alcance su camioneta termin\u00f3 con la parte trasera quemada. \u201cEstaba cenando, justo hab\u00eda terminado y me informan que hab\u00eda un incendio a la vuelta, justo ten\u00eda mi veh\u00edculo estacionado ah\u00ed\u201d. \u201cYo me qued\u00e9 [&hellip;]<\/p>\n","protected":false},"author":4,"featured_media":5842,"comment_status":"open","ping_status":"open","sticky":false,"template":"","format":"standard","meta":{"footnotes":""},"categories":[174],"tags":[61],"class_list":["post-5841","post","type-post","status-publish","format-standard","has-post-thumbnail","hentry","category-local","tag-principal"],"amp_enabled":true,"_links":{"self":[{"href":"https:\/\/tiemponoticias.com.ar\/noticias\/wp-json\/wp\/v2\/posts\/5841","targetHints":{"allow":["GET"]}}],"collection":[{"href":"https:\/\/tiemponoticias.com.ar\/noticias\/wp-json\/wp\/v2\/posts"}],"about":[{"href":"https:\/\/tiemponoticias.com.ar\/noticias\/wp-json\/wp\/v2\/types\/post"}],"author":[{"embeddable":true,"href":"https:\/\/tiemponoticias.com.ar\/noticias\/wp-json\/wp\/v2\/users\/4"}],"replies":[{"embeddable":true,"href":"https:\/\/tiemponoticias.com.ar\/noticias\/wp-json\/wp\/v2\/comments?post=5841"}],"version-history":[{"count":1,"href":"https:\/\/tiemponoticias.com.ar\/noticias\/wp-json\/wp\/v2\/posts\/5841\/revisions"}],"predecessor-version":[{"id":5843,"href":"https:\/\/tiemponoticias.com.ar\/noticias\/wp-json\/wp\/v2\/posts\/5841\/revisions\/5843"}],"wp:featuredmedia":[{"embeddable":true,"href":"https:\/\/tiemponoticias.com.ar\/noticias\/wp-json\/wp\/v2\/media\/5842"}],"wp:attachment":[{"href":"https:\/\/tiemponoticias.com.ar\/noticias\/wp-json\/wp\/v2\/media?parent=5841"}],"wp:term":[{"taxonomy":"category","embeddable":true,"href":"https:\/\/tiemponoticias.com.ar\/noticias\/wp-json\/wp\/v2\/categories?post=5841"},{"taxonomy":"post_tag","embeddable":true,"href":"https:\/\/tiemponoticias.com.ar\/noticias\/wp-json\/wp\/v2\/tags?post=5841"}],"curies":[{"name":"wp","href":"https:\/\/api.w.org\/{rel}","templated":true}]}}