{"id":5833,"date":"2025-04-25T12:36:49","date_gmt":"2025-04-25T15:36:49","guid":{"rendered":"https:\/\/tiemponoticias.com.ar\/noticias\/?p=5833"},"modified":"2025-04-25T12:36:49","modified_gmt":"2025-04-25T15:36:49","slug":"%f0%9f%94%b4-hay-que-esperar-a-ver-que-dice-san-nicolas-si-tiene-que-intervenir-baradero-o-no","status":"publish","type":"post","link":"https:\/\/tiemponoticias.com.ar\/noticias\/%f0%9f%94%b4-hay-que-esperar-a-ver-que-dice-san-nicolas-si-tiene-que-intervenir-baradero-o-no\/","title":{"rendered":"&#x1f534; \u201cHAY QUE ESPERAR A VER QUE DICE SAN NICOL\u00c1S, SI TIENE QUE INTERVENIR BARADERO O NO\u201d"},"content":{"rendered":"<p>Lo dijo en #FmTiempo el subsecretario de seguridad, Antonio \u201cMoroco\u201d Lacerna, con respecto al hombre que fue secuestrado en nuestra ciudad y luego fue trasladado a una casa en San Nicol\u00e1s.<\/p>\n<p>\u201cLa denuncia est\u00e1 radicada en San Nicol\u00e1s\u201d.<\/p>\n<p>\u201cLa declaraci\u00f3n nos llega por una diligencia de San Nicol\u00e1s, tuvo un encuentro (la v\u00edctima) con una persona y cuando termina esta circunstancia se desencadena esto\u201d.<\/p>\n<p>\u201cEntendemos que ya hay pedido de allanamientos hechos\u201d.<\/p>\n<p>\u201cNo es normal estar en una camioneta con $600.000 y un arma de 9mm\u201d.<\/p>\n<p>\u201cHay que esperar a ver qu\u00e9 dice San Nicol\u00e1s, si tiene que intervenir Baradero o no\u201d.<\/p>\n<p>(Imagen: \u201cPrensa Libre\u201d)<\/p>\n<p>Tiemponoticias.com.ar<\/p>\n<p>Www.Tiemponoticias.com.ar<\/p>\n<p>Noticias Baradero<\/p>\n","protected":false},"excerpt":{"rendered":"<p>Lo dijo en #FmTiempo el subsecretario de seguridad, Antonio \u201cMoroco\u201d Lacerna, con respecto al hombre que fue secuestrado en nuestra ciudad y luego fue trasladado a una casa en San Nicol\u00e1s. \u201cLa denuncia est\u00e1 radicada en San Nicol\u00e1s\u201d. \u201cLa declaraci\u00f3n nos llega por una diligencia de San Nicol\u00e1s, tuvo un encuentro (la v\u00edctima) con una [&hellip;]<\/p>\n","protected":false},"author":4,"featured_media":5834,"comment_status":"open","ping_status":"open","sticky":false,"template":"","format":"standard","meta":{"footnotes":""},"categories":[174,175],"tags":[61],"class_list":["post-5833","post","type-post","status-publish","format-standard","has-post-thumbnail","hentry","category-local","category-policiales","tag-principal"],"amp_enabled":true,"_links":{"self":[{"href":"https:\/\/tiemponoticias.com.ar\/noticias\/wp-json\/wp\/v2\/posts\/5833","targetHints":{"allow":["GET"]}}],"collection":[{"href":"https:\/\/tiemponoticias.com.ar\/noticias\/wp-json\/wp\/v2\/posts"}],"about":[{"href":"https:\/\/tiemponoticias.com.ar\/noticias\/wp-json\/wp\/v2\/types\/post"}],"author":[{"embeddable":true,"href":"https:\/\/tiemponoticias.com.ar\/noticias\/wp-json\/wp\/v2\/users\/4"}],"replies":[{"embeddable":true,"href":"https:\/\/tiemponoticias.com.ar\/noticias\/wp-json\/wp\/v2\/comments?post=5833"}],"version-history":[{"count":1,"href":"https:\/\/tiemponoticias.com.ar\/noticias\/wp-json\/wp\/v2\/posts\/5833\/revisions"}],"predecessor-version":[{"id":5836,"href":"https:\/\/tiemponoticias.com.ar\/noticias\/wp-json\/wp\/v2\/posts\/5833\/revisions\/5836"}],"wp:featuredmedia":[{"embeddable":true,"href":"https:\/\/tiemponoticias.com.ar\/noticias\/wp-json\/wp\/v2\/media\/5834"}],"wp:attachment":[{"href":"https:\/\/tiemponoticias.com.ar\/noticias\/wp-json\/wp\/v2\/media?parent=5833"}],"wp:term":[{"taxonomy":"category","embeddable":true,"href":"https:\/\/tiemponoticias.com.ar\/noticias\/wp-json\/wp\/v2\/categories?post=5833"},{"taxonomy":"post_tag","embeddable":true,"href":"https:\/\/tiemponoticias.com.ar\/noticias\/wp-json\/wp\/v2\/tags?post=5833"}],"curies":[{"name":"wp","href":"https:\/\/api.w.org\/{rel}","templated":true}]}}