{"id":5830,"date":"2025-04-25T12:27:03","date_gmt":"2025-04-25T15:27:03","guid":{"rendered":"https:\/\/tiemponoticias.com.ar\/noticias\/?p=5830"},"modified":"2025-04-25T12:27:03","modified_gmt":"2025-04-25T15:27:03","slug":"%f0%9f%94%b4-seguridad-dos-robos-agravados-en-un-mismo-dia-en-baradero-hacen-saltar-las-alarmas-porque-no-viene-pasando","status":"publish","type":"post","link":"https:\/\/tiemponoticias.com.ar\/noticias\/%f0%9f%94%b4-seguridad-dos-robos-agravados-en-un-mismo-dia-en-baradero-hacen-saltar-las-alarmas-porque-no-viene-pasando\/","title":{"rendered":"&#x1f534; #SEGURIDAD| \u201cDOS ROBOS AGRAVADOS EN UN MISMO DIA EN BARADERO HACEN SALTAR LAS ALARMAS PORQUE NO VIENE PASANDO\u201d"},"content":{"rendered":"<p>Lo manifest\u00f3 para #FmTiempo el subsecretario de seguridad, Antonio \u201cMoroco\u201d Lacerna, sobre los dos hechos delictivos en el d\u00eda de ayer donde ingresaron a mano armada a robar.<\/p>\n<p>\u201cEs un hecho raro por el horario, por la circunstancia, por ser en pleno centro\u201d.<\/p>\n<p>\u201cSe est\u00e1 investigando, se han realizado las c\u00e1maras de las zonas, se ha tomado contacto con la gente que tiene relaci\u00f3n con la familia por c\u00f3mo se dio la situaci\u00f3n\u201d.<\/p>\n<p>\u201cNo es un hecho com\u00fan menos para Baradero, est\u00e1 en etapa de investigaci\u00f3n\u201d.<\/p>\n<p>\u201cEs parte de lo que se viene viviendo donde los involucrados son menores, se da por esta posibilidad de imputabilidad que toman esos riesgos\u201d.<\/p>\n<p>\u201cEsta frase conocida de \u201csaben quienes son y no se puede hacer nada\u201d sigue estando\u201d.<\/p>\n<p>\u201cSeguimos investigando\u201d.<\/p>\n<p>Con respecto al robo a mano armada en el kiosco c\u00e9ntrico, en San Mart\u00edn y Pedro Alonso, dijo: \u201cEsas s\u00ed que son cosas que no podemos permitir, tenemos que reforzar la seguridad ah\u00ed\u201d.<\/p>\n<p>\u201cHay que trabajarlo mucho m\u00e1s, por suerte en el kiosco tienen c\u00e1maras y ya hay unos indicios\u201d.<\/p>\n<p>\u201cNo te puedo dar muchos m\u00e1s detalles para no entorpecer a la polic\u00eda\u201d.<\/p>\n<p>\u201cDos robos agravados en un mismo d\u00eda en Baradero hacen saltar las alarmas porque no viene pasando, es para preocuparse, es para tomar otras medidas\u201d.<\/p>\n<p>\u201cYa est\u00e1 funcionando la guardia urbana de jueves a domingos con un efectivo arriba\u201d.<\/p>\n<p>\u201cLo del robo del kiosco es algo que no nos puede pasar\u201d.<\/p>\n<p>Tiemponoticias.com.ar<\/p>\n<p>Www.Tiemponoticias.com.ar<\/p>\n<p>Noticias Baradero<\/p>\n","protected":false},"excerpt":{"rendered":"<p>Lo manifest\u00f3 para #FmTiempo el subsecretario de seguridad, Antonio \u201cMoroco\u201d Lacerna, sobre los dos hechos delictivos en el d\u00eda de ayer donde ingresaron a mano armada a robar. \u201cEs un hecho raro por el horario, por la circunstancia, por ser en pleno centro\u201d. \u201cSe est\u00e1 investigando, se han realizado las c\u00e1maras de las zonas, se [&hellip;]<\/p>\n","protected":false},"author":4,"featured_media":5831,"comment_status":"open","ping_status":"open","sticky":false,"template":"","format":"standard","meta":{"footnotes":""},"categories":[174,175,6],"tags":[61],"class_list":["post-5830","post","type-post","status-publish","format-standard","has-post-thumbnail","hentry","category-local","category-policiales","category-politica","tag-principal"],"amp_enabled":true,"_links":{"self":[{"href":"https:\/\/tiemponoticias.com.ar\/noticias\/wp-json\/wp\/v2\/posts\/5830","targetHints":{"allow":["GET"]}}],"collection":[{"href":"https:\/\/tiemponoticias.com.ar\/noticias\/wp-json\/wp\/v2\/posts"}],"about":[{"href":"https:\/\/tiemponoticias.com.ar\/noticias\/wp-json\/wp\/v2\/types\/post"}],"author":[{"embeddable":true,"href":"https:\/\/tiemponoticias.com.ar\/noticias\/wp-json\/wp\/v2\/users\/4"}],"replies":[{"embeddable":true,"href":"https:\/\/tiemponoticias.com.ar\/noticias\/wp-json\/wp\/v2\/comments?post=5830"}],"version-history":[{"count":1,"href":"https:\/\/tiemponoticias.com.ar\/noticias\/wp-json\/wp\/v2\/posts\/5830\/revisions"}],"predecessor-version":[{"id":5832,"href":"https:\/\/tiemponoticias.com.ar\/noticias\/wp-json\/wp\/v2\/posts\/5830\/revisions\/5832"}],"wp:featuredmedia":[{"embeddable":true,"href":"https:\/\/tiemponoticias.com.ar\/noticias\/wp-json\/wp\/v2\/media\/5831"}],"wp:attachment":[{"href":"https:\/\/tiemponoticias.com.ar\/noticias\/wp-json\/wp\/v2\/media?parent=5830"}],"wp:term":[{"taxonomy":"category","embeddable":true,"href":"https:\/\/tiemponoticias.com.ar\/noticias\/wp-json\/wp\/v2\/categories?post=5830"},{"taxonomy":"post_tag","embeddable":true,"href":"https:\/\/tiemponoticias.com.ar\/noticias\/wp-json\/wp\/v2\/tags?post=5830"}],"curies":[{"name":"wp","href":"https:\/\/api.w.org\/{rel}","templated":true}]}}