{"id":5826,"date":"2025-04-25T12:25:10","date_gmt":"2025-04-25T15:25:10","guid":{"rendered":"https:\/\/tiemponoticias.com.ar\/noticias\/?p=5826"},"modified":"2025-04-25T12:25:10","modified_gmt":"2025-04-25T15:25:10","slug":"%f0%9f%94%b4-inseguridad-con-el-revolver-le-exigian-plata","status":"publish","type":"post","link":"https:\/\/tiemponoticias.com.ar\/noticias\/%f0%9f%94%b4-inseguridad-con-el-revolver-le-exigian-plata\/","title":{"rendered":"&#x1f534; #INSEGURIDAD| \u201cCON EL REVOLVER LE EXIG\u00cdAN PLATA\u201d"},"content":{"rendered":"<p>Lo relat\u00f3 por #FmTiempo Antonio C\u00f3rtese, marido de la se\u00f1ora que sufri\u00f3 el robo a mano armada, acerca de c\u00f3mo vivi\u00f3 su mujer el hecho que tuvo lugar ayer al mediod\u00eda de cuando ingresaron dos delincuentes a su casa,en Araoz entre Malabia y Oro, a mano armada y le exig\u00edan dinero.<\/p>\n<p>\u201cAyer sobre el mediod\u00eda al rededor de las 12\/30\/13 estaba ella en su domicilio y se le aparece dos personas que entraron por la puerta, no ten\u00eda traba, y la abordaron de atr\u00e1s le agarraron el cuello<\/p>\n<p>\u201cTen\u00eda un dinero de la compra que hab\u00edan ido hacer las chicas que trabajan en casa\u201d.<\/p>\n<p>\u201cFueron hasta la cocina y con el revolver le exig\u00edan plata, le pidieron el monedero\u201d.<\/p>\n<p>\u201cLa quisieron meter adentro del ba\u00f1o, encerrarla\u201d.<\/p>\n<p>\u201cUno era de porte chiquito con cara descubierta , que la ten\u00eda amarrada, y el otro con un pasamonta\u00f1as\u201d.<\/p>\n<p>\u201cEra gente joven, para ella habr\u00e1n tenido unos 14 a\u00f1os\u201d.<\/p>\n<p>\u201cLe exig\u00edan m\u00e1s dinero, todo\u201d.<\/p>\n<p>\u201cMi se\u00f1ora tiene cierta limitaciones para caminar y la tiraron al suelo, le quisieron poner una cosa en la boca\u201d.<\/p>\n<p>\u201cA las empleadas le pusieron un rev\u00f3lver en la cabeza, las tomaron del cuello\u201d.<\/p>\n<p>\u201cEn plena luz del d\u00eda, esto se est\u00e1 yendo de las manos\u201d.<\/p>\n<p>Tiemponoticias.com.ar<\/p>\n<p>Www.Tiemponoticias.com.ar<\/p>\n<p>Noticias Baradero<\/p>\n","protected":false},"excerpt":{"rendered":"<p>Lo relat\u00f3 por #FmTiempo Antonio C\u00f3rtese, marido de la se\u00f1ora que sufri\u00f3 el robo a mano armada, acerca de c\u00f3mo vivi\u00f3 su mujer el hecho que tuvo lugar ayer al mediod\u00eda de cuando ingresaron dos delincuentes a su casa,en Araoz entre Malabia y Oro, a mano armada y le exig\u00edan dinero. \u201cAyer sobre el mediod\u00eda [&hellip;]<\/p>\n","protected":false},"author":4,"featured_media":5827,"comment_status":"open","ping_status":"open","sticky":false,"template":"","format":"standard","meta":{"footnotes":""},"categories":[174,175],"tags":[61],"class_list":["post-5826","post","type-post","status-publish","format-standard","has-post-thumbnail","hentry","category-local","category-policiales","tag-principal"],"amp_enabled":true,"_links":{"self":[{"href":"https:\/\/tiemponoticias.com.ar\/noticias\/wp-json\/wp\/v2\/posts\/5826","targetHints":{"allow":["GET"]}}],"collection":[{"href":"https:\/\/tiemponoticias.com.ar\/noticias\/wp-json\/wp\/v2\/posts"}],"about":[{"href":"https:\/\/tiemponoticias.com.ar\/noticias\/wp-json\/wp\/v2\/types\/post"}],"author":[{"embeddable":true,"href":"https:\/\/tiemponoticias.com.ar\/noticias\/wp-json\/wp\/v2\/users\/4"}],"replies":[{"embeddable":true,"href":"https:\/\/tiemponoticias.com.ar\/noticias\/wp-json\/wp\/v2\/comments?post=5826"}],"version-history":[{"count":1,"href":"https:\/\/tiemponoticias.com.ar\/noticias\/wp-json\/wp\/v2\/posts\/5826\/revisions"}],"predecessor-version":[{"id":5829,"href":"https:\/\/tiemponoticias.com.ar\/noticias\/wp-json\/wp\/v2\/posts\/5826\/revisions\/5829"}],"wp:featuredmedia":[{"embeddable":true,"href":"https:\/\/tiemponoticias.com.ar\/noticias\/wp-json\/wp\/v2\/media\/5827"}],"wp:attachment":[{"href":"https:\/\/tiemponoticias.com.ar\/noticias\/wp-json\/wp\/v2\/media?parent=5826"}],"wp:term":[{"taxonomy":"category","embeddable":true,"href":"https:\/\/tiemponoticias.com.ar\/noticias\/wp-json\/wp\/v2\/categories?post=5826"},{"taxonomy":"post_tag","embeddable":true,"href":"https:\/\/tiemponoticias.com.ar\/noticias\/wp-json\/wp\/v2\/tags?post=5826"}],"curies":[{"name":"wp","href":"https:\/\/api.w.org\/{rel}","templated":true}]}}