{"id":5812,"date":"2025-04-24T11:55:05","date_gmt":"2025-04-24T14:55:05","guid":{"rendered":"https:\/\/tiemponoticias.com.ar\/noticias\/?p=5812"},"modified":"2025-04-24T11:55:05","modified_gmt":"2025-04-24T14:55:05","slug":"%f0%9f%94%b4-afip-nosotros-no-nos-quedamos-sin-trabajo-sino-sin-funciones-nos-siguen-pagando-por-estar-aca","status":"publish","type":"post","link":"https:\/\/tiemponoticias.com.ar\/noticias\/%f0%9f%94%b4-afip-nosotros-no-nos-quedamos-sin-trabajo-sino-sin-funciones-nos-siguen-pagando-por-estar-aca\/","title":{"rendered":"&#x1f534; #AFIP| \u201cNOSOTROS NO NOS QUEDAMOS SIN TRABAJO SINO SIN FUNCIONES, NOS SIGUEN PAGANDO POR ESTAR AC\u00c1\u201d"},"content":{"rendered":"<p>Lo expres\u00f3 en #FmTiempo Evangelina Morales, delegada del gremio AEFIP, con respecto a c\u00f3mo es la situaci\u00f3n de los trabajadores que se encontraban en las oficinas de San Pedro, que el d\u00eda lunes cerr\u00f3 sus puertas.<\/p>\n<p>\u201cEn realidad la disposici\u00f3n sali\u00f3 publicada el 5 de marzo\u201d<\/p>\n<p>\u201cSan Pedro era el primero de los cuatros distritos que iban a cerrar las puertas\u201d.<\/p>\n<p>\u201cA los contribuyentes se los traslad\u00f3 como dependientes de la agencia Z\u00e1rate el d\u00eda s\u00e1bado y se les avisa el domingo de pascuas\u201d.<\/p>\n<p>\u201cEl d\u00eda 18 de abril vinieron a retirar las pc y la cartelera de afuera\u201d.<\/p>\n<p>\u201cNos quedamos con las notebook, nosotros podemos ir al edificio, estar ah\u00ed pero no tenemos funciones\u201d.<\/p>\n<p>\u201cYa ten\u00edamos orden que el d\u00eda 21 no pod\u00edamos abrir\u201d.<\/p>\n<p>\u201cHoy por hoy estamos sin tareas asignadas y esperando el traslado\u201d.<\/p>\n<p>\u201cSe decide cerrar las puertas primero de San Pedro sin saber por qu\u00e9, quiz\u00e1s es una prueba piloto\u201d.<\/p>\n<p>\u201cNo hay retiro voluntario, si hubo un retiro anticipado que reun\u00edan ciertas condiciones, que estaban m\u00e1s cerca de jubilarse\u201d.<\/p>\n<p>\u201cNo se sabe el motivo de cerrar en San Pedro, no sabemos qu\u00e9 va a pasar\u201d.<\/p>\n<p>\u201cZ\u00e1rate no tiene espacio para el mobiliario de San Pedro entonces las cosas quedar\u00edan ac\u00e1\u201d.<\/p>\n<p>\u201cNo entendemos cu\u00e1l es el ahorro\u201d.<\/p>\n<p>\u201cNosotros no nos quedamos sin trabajo sino sin funciones, nos siguen pagando por estar ac\u00e1\u201d.<\/p>\n<p>\u201cNo s\u00e9 de qu\u00e9 ahorro hablan si las oficinas que son alquiladas siguen estando\u201d. (El edificio donde se encontraba Afip San Pedro era propio)<\/p>\n<p>\u201cTe hablan de reducci\u00f3n de impuestos y ac\u00e1 no hay ninguna reducci\u00f3n\u201d.<\/p>\n<p>\u201cEl lunes, que ya est\u00e1bamos a puertas cerradas, en siete minutos diez personas se acercaron en bicicleta\u201d.<\/p>\n<p>\u201cLa reubicaci\u00f3n se har\u00e1 la semana que viene o la otra\u201d.<\/p>\n<p>Tiemponoticias.com.ar<\/p>\n<p>Www.Tiemponoticias.com.ar<\/p>\n<p>Noticias Baradero<\/p>\n","protected":false},"excerpt":{"rendered":"<p>Lo expres\u00f3 en #FmTiempo Evangelina Morales, delegada del gremio AEFIP, con respecto a c\u00f3mo es la situaci\u00f3n de los trabajadores que se encontraban en las oficinas de San Pedro, que el d\u00eda lunes cerr\u00f3 sus puertas. \u201cEn realidad la disposici\u00f3n sali\u00f3 publicada el 5 de marzo\u201d \u201cSan Pedro era el primero de los cuatros distritos [&hellip;]<\/p>\n","protected":false},"author":4,"featured_media":5813,"comment_status":"open","ping_status":"open","sticky":false,"template":"","format":"standard","meta":{"footnotes":""},"categories":[174],"tags":[61],"class_list":["post-5812","post","type-post","status-publish","format-standard","has-post-thumbnail","hentry","category-local","tag-principal"],"amp_enabled":true,"_links":{"self":[{"href":"https:\/\/tiemponoticias.com.ar\/noticias\/wp-json\/wp\/v2\/posts\/5812","targetHints":{"allow":["GET"]}}],"collection":[{"href":"https:\/\/tiemponoticias.com.ar\/noticias\/wp-json\/wp\/v2\/posts"}],"about":[{"href":"https:\/\/tiemponoticias.com.ar\/noticias\/wp-json\/wp\/v2\/types\/post"}],"author":[{"embeddable":true,"href":"https:\/\/tiemponoticias.com.ar\/noticias\/wp-json\/wp\/v2\/users\/4"}],"replies":[{"embeddable":true,"href":"https:\/\/tiemponoticias.com.ar\/noticias\/wp-json\/wp\/v2\/comments?post=5812"}],"version-history":[{"count":1,"href":"https:\/\/tiemponoticias.com.ar\/noticias\/wp-json\/wp\/v2\/posts\/5812\/revisions"}],"predecessor-version":[{"id":5814,"href":"https:\/\/tiemponoticias.com.ar\/noticias\/wp-json\/wp\/v2\/posts\/5812\/revisions\/5814"}],"wp:featuredmedia":[{"embeddable":true,"href":"https:\/\/tiemponoticias.com.ar\/noticias\/wp-json\/wp\/v2\/media\/5813"}],"wp:attachment":[{"href":"https:\/\/tiemponoticias.com.ar\/noticias\/wp-json\/wp\/v2\/media?parent=5812"}],"wp:term":[{"taxonomy":"category","embeddable":true,"href":"https:\/\/tiemponoticias.com.ar\/noticias\/wp-json\/wp\/v2\/categories?post=5812"},{"taxonomy":"post_tag","embeddable":true,"href":"https:\/\/tiemponoticias.com.ar\/noticias\/wp-json\/wp\/v2\/tags?post=5812"}],"curies":[{"name":"wp","href":"https:\/\/api.w.org\/{rel}","templated":true}]}}