{"id":5806,"date":"2025-04-24T11:51:26","date_gmt":"2025-04-24T14:51:26","guid":{"rendered":"https:\/\/tiemponoticias.com.ar\/noticias\/?p=5806"},"modified":"2025-04-24T11:51:26","modified_gmt":"2025-04-24T14:51:26","slug":"%f0%9f%94%b4-inseguridad-le-robaron-dos-motos-de-adentro-de-la-casa","status":"publish","type":"post","link":"https:\/\/tiemponoticias.com.ar\/noticias\/%f0%9f%94%b4-inseguridad-le-robaron-dos-motos-de-adentro-de-la-casa\/","title":{"rendered":"&#x1f534; #INSEGURIDAD| LE ROBARON DOS MOTOS DE ADENTRO DE LA CASA"},"content":{"rendered":"<p>A trav\u00e9s de #FmTiempo Azucena Aranda, vecina de Pedro Alonso al 1672, relat\u00f3 c\u00f3mo fue el hecho que vivi\u00f3 hoy a la madrugada cuando ingresaron a su casa y se llevaron las dos motos.<\/p>\n<p>\u201cNos despertamos a las 5:30 de la ma\u00f1ana y salimos afuera y no estaban m\u00e1s las motos hasta el casco se llevaron.\u201d<\/p>\n<p>\u201cNo sentimos nada, ni los perros ladraron\u201d.<\/p>\n<p>\u201cSon siempre los mismos, los pendejos del barrio que no se les pueden hacer nada porque son menores\u201d.<\/p>\n<p>\u201cFui hacer la denuncia bien temprano\u201d.<\/p>\n<p>\u201cAhora yo por mi cuenta voy a buscar, recorrer\u201d.<\/p>\n<p>\u201cQuede en shock cuando sal\u00ed y no estaban m\u00e1s las motos\u201d.<\/p>\n<p>\u201cEstaban trabadas y sin llaves\u201d.<\/p>\n<p>Tiemponoticias.com.ar<\/p>\n<p>Www.Tiemponoticias.com.ar<\/p>\n<p>Noticias Baradero<\/p>\n","protected":false},"excerpt":{"rendered":"<p>A trav\u00e9s de #FmTiempo Azucena Aranda, vecina de Pedro Alonso al 1672, relat\u00f3 c\u00f3mo fue el hecho que vivi\u00f3 hoy a la madrugada cuando ingresaron a su casa y se llevaron las dos motos. \u201cNos despertamos a las 5:30 de la ma\u00f1ana y salimos afuera y no estaban m\u00e1s las motos hasta el casco se [&hellip;]<\/p>\n","protected":false},"author":4,"featured_media":5807,"comment_status":"open","ping_status":"open","sticky":false,"template":"","format":"standard","meta":{"footnotes":""},"categories":[174,175],"tags":[61],"class_list":["post-5806","post","type-post","status-publish","format-standard","has-post-thumbnail","hentry","category-local","category-policiales","tag-principal"],"amp_enabled":true,"_links":{"self":[{"href":"https:\/\/tiemponoticias.com.ar\/noticias\/wp-json\/wp\/v2\/posts\/5806","targetHints":{"allow":["GET"]}}],"collection":[{"href":"https:\/\/tiemponoticias.com.ar\/noticias\/wp-json\/wp\/v2\/posts"}],"about":[{"href":"https:\/\/tiemponoticias.com.ar\/noticias\/wp-json\/wp\/v2\/types\/post"}],"author":[{"embeddable":true,"href":"https:\/\/tiemponoticias.com.ar\/noticias\/wp-json\/wp\/v2\/users\/4"}],"replies":[{"embeddable":true,"href":"https:\/\/tiemponoticias.com.ar\/noticias\/wp-json\/wp\/v2\/comments?post=5806"}],"version-history":[{"count":1,"href":"https:\/\/tiemponoticias.com.ar\/noticias\/wp-json\/wp\/v2\/posts\/5806\/revisions"}],"predecessor-version":[{"id":5808,"href":"https:\/\/tiemponoticias.com.ar\/noticias\/wp-json\/wp\/v2\/posts\/5806\/revisions\/5808"}],"wp:featuredmedia":[{"embeddable":true,"href":"https:\/\/tiemponoticias.com.ar\/noticias\/wp-json\/wp\/v2\/media\/5807"}],"wp:attachment":[{"href":"https:\/\/tiemponoticias.com.ar\/noticias\/wp-json\/wp\/v2\/media?parent=5806"}],"wp:term":[{"taxonomy":"category","embeddable":true,"href":"https:\/\/tiemponoticias.com.ar\/noticias\/wp-json\/wp\/v2\/categories?post=5806"},{"taxonomy":"post_tag","embeddable":true,"href":"https:\/\/tiemponoticias.com.ar\/noticias\/wp-json\/wp\/v2\/tags?post=5806"}],"curies":[{"name":"wp","href":"https:\/\/api.w.org\/{rel}","templated":true}]}}