{"id":5795,"date":"2025-04-23T12:16:42","date_gmt":"2025-04-23T15:16:42","guid":{"rendered":"https:\/\/tiemponoticias.com.ar\/noticias\/?p=5795"},"modified":"2025-04-23T12:16:42","modified_gmt":"2025-04-23T15:16:42","slug":"%f0%9f%94%b4-no-hubo-ni-una-propuesta-formal","status":"publish","type":"post","link":"https:\/\/tiemponoticias.com.ar\/noticias\/%f0%9f%94%b4-no-hubo-ni-una-propuesta-formal\/","title":{"rendered":"&#x1f534; \u201cNO HUBO NI UNA PROPUESTA FORMAL\u201d"},"content":{"rendered":"<p>Lo dijo por #FmTiempo Sebasti\u00e1n Chapuis, integrante de la comisi\u00f3n directa del Med, con respecto a la reuni\u00f3n que tuvo la titular del Pami local con un empleado administrativo del Med para que los jubilados puedan contar con ese servicio de urgencias.<\/p>\n<p>\u201cEl servicio de ambulancias del Med pertenece al sindicato si bien somos los mismos directivos e integrantes\u201d.<\/p>\n<p>\u201cSe acercaron del Pami hablar con el encargado y qued\u00f3 solo en una charla\u201d.<\/p>\n<p>\u201cNo hubo ninguna propuesta formal ni elevaron nada a comisi\u00f3n para que se trate\u201d.<\/p>\n<p>\u201cNosotros formalmente, los directivos y los encargados del servicio, no tenemos nada\u201d.<\/p>\n<p>\u201cS\u00e9 que la titular del Pami hizo una reuni\u00f3n pero no qued\u00f3 en nada\u201d.<\/p>\n<p>\u201cEstamos muy por abajo de lo que cobraba el Cem antes de irse y seguimos sosteniendo ese precio\u201d.<\/p>\n<p>\u201cSe increment\u00f3 los socios pero no mucho\u201d.<\/p>\n<p>\u201cA los jubilados no les alcanza ni a llegar a la semana del mes\u201d.<\/p>\n<p>Con respecto a cu\u00e1l seria la decisi\u00f3n en caso de una propuesta formal del PAMI, dijo: \u201cEs algo que analizamos en comisi\u00f3n del gremio para ver si podemos absorber esa cantidad, quiz\u00e1s hay que implementar m\u00e1s m\u00e9dicos, m\u00e1s enfermeras, es un costo muy elevado\u201d.<\/p>\n<p>\u201cA su vez hay que poner otra ambulancia para absorber la cantidad de socios\u201d.<\/p>\n<p>Tiemponoticias.com.ar<\/p>\n<p>Www.Tiemponoticias.com.ar<\/p>\n<p>Noticias Baradero<\/p>\n<p>&nbsp;<\/p>\n","protected":false},"excerpt":{"rendered":"<p>Lo dijo por #FmTiempo Sebasti\u00e1n Chapuis, integrante de la comisi\u00f3n directa del Med, con respecto a la reuni\u00f3n que tuvo la titular del Pami local con un empleado administrativo del Med para que los jubilados puedan contar con ese servicio de urgencias. \u201cEl servicio de ambulancias del Med pertenece al sindicato si bien somos los [&hellip;]<\/p>\n","protected":false},"author":4,"featured_media":5798,"comment_status":"open","ping_status":"open","sticky":false,"template":"","format":"standard","meta":{"footnotes":""},"categories":[174],"tags":[],"class_list":["post-5795","post","type-post","status-publish","format-standard","has-post-thumbnail","hentry","category-local"],"amp_enabled":true,"_links":{"self":[{"href":"https:\/\/tiemponoticias.com.ar\/noticias\/wp-json\/wp\/v2\/posts\/5795","targetHints":{"allow":["GET"]}}],"collection":[{"href":"https:\/\/tiemponoticias.com.ar\/noticias\/wp-json\/wp\/v2\/posts"}],"about":[{"href":"https:\/\/tiemponoticias.com.ar\/noticias\/wp-json\/wp\/v2\/types\/post"}],"author":[{"embeddable":true,"href":"https:\/\/tiemponoticias.com.ar\/noticias\/wp-json\/wp\/v2\/users\/4"}],"replies":[{"embeddable":true,"href":"https:\/\/tiemponoticias.com.ar\/noticias\/wp-json\/wp\/v2\/comments?post=5795"}],"version-history":[{"count":1,"href":"https:\/\/tiemponoticias.com.ar\/noticias\/wp-json\/wp\/v2\/posts\/5795\/revisions"}],"predecessor-version":[{"id":5799,"href":"https:\/\/tiemponoticias.com.ar\/noticias\/wp-json\/wp\/v2\/posts\/5795\/revisions\/5799"}],"wp:featuredmedia":[{"embeddable":true,"href":"https:\/\/tiemponoticias.com.ar\/noticias\/wp-json\/wp\/v2\/media\/5798"}],"wp:attachment":[{"href":"https:\/\/tiemponoticias.com.ar\/noticias\/wp-json\/wp\/v2\/media?parent=5795"}],"wp:term":[{"taxonomy":"category","embeddable":true,"href":"https:\/\/tiemponoticias.com.ar\/noticias\/wp-json\/wp\/v2\/categories?post=5795"},{"taxonomy":"post_tag","embeddable":true,"href":"https:\/\/tiemponoticias.com.ar\/noticias\/wp-json\/wp\/v2\/tags?post=5795"}],"curies":[{"name":"wp","href":"https:\/\/api.w.org\/{rel}","templated":true}]}}