{"id":5792,"date":"2025-04-23T12:13:52","date_gmt":"2025-04-23T15:13:52","guid":{"rendered":"https:\/\/tiemponoticias.com.ar\/noticias\/?p=5792"},"modified":"2025-04-23T12:13:52","modified_gmt":"2025-04-23T15:13:52","slug":"%f0%9f%94%b4si-algun-vecino-del-acceso-tiene-camaras-que-se-fije-en-el-horario-de-1230-1300-que-nos-pueda-facilitar-eso-seria-ideal","status":"publish","type":"post","link":"https:\/\/tiemponoticias.com.ar\/noticias\/%f0%9f%94%b4si-algun-vecino-del-acceso-tiene-camaras-que-se-fije-en-el-horario-de-1230-1300-que-nos-pueda-facilitar-eso-seria-ideal\/","title":{"rendered":"&#x1f534;\u201cSI ALG\u00daN VECINO DEL ACCESO TIENE C\u00c1MARAS, QUE SE FIJE EN EL HORARIO DE 12:30-13:00, QUE NOS PUEDA FACILITAR ESO SER\u00cdA IDEAL\u201d"},"content":{"rendered":"<p>A trav\u00e9s de #FmTiempo Ivana Brey, hermana de Guadalupe, relat\u00f3 c\u00f3mo fue la \u00faltima vez que la vieron, ayer al mediod\u00eda, y c\u00f3mo sigue la b\u00fasqueda de su paradero.<\/p>\n<p>\u201cHasta ahora no se sabe nada\u201d.<\/p>\n<p>\u201cMi hermano ven\u00eda de viaje y \u00e9l dice que ve al auto yendo para Santa Coloma por el camino ese\u201d.<\/p>\n<p>\u201cSe la busc\u00f3 por los pueblitos esos y no est\u00e1\u201d.<\/p>\n<p>\u201cTiene 38 a\u00f1os, esta casada tiene dos hijos, es una persona cari\u00f1osa, de la casa\u201d.<\/p>\n<p>\u201cElla ten\u00eda problemas de depresi\u00f3n y seg\u00fan nos contaban los hijos a veces tomaba la medicaci\u00f3n a veces no\u201d.<\/p>\n<p>\u201cAyer la vimos por \u00faltima vez que supuestamente se iba hacer mandados o a buscar a la nena a la escuela\u201d.<\/p>\n<p>\u201cNo lleg\u00f3 a buscar a la nena\u201d.<\/p>\n<p>\u201cLas c\u00e1maras de Baradero del municipio no funcionan\u201d.<\/p>\n<p>\u201cLo que estamos tratando es que si alg\u00fan vecino del acceso tiene c\u00e1maras, que se fije en el horario de 12:30-13:00, que nos pueda facilitar eso ser\u00eda ideal\u201d.<\/p>\n<p>\u201cEs rar\u00edsimo, no es una chica de hacer eso\u201d.<\/p>\n<p>\u201cSali\u00f3 sin celular, sin billetera, sin documentaci\u00f3n\u201d.<\/p>\n<p>\u201cSe ba\u00f1\u00f3, se cambi\u00f3 y se fue\u201d.<\/p>\n<p>\u201cEl marido se enter\u00f3 a las 14:00 cuando sali\u00f3 de la f\u00e1brica y los chicos le contaron\u201d.<\/p>\n<p>\u201cAyer antes de irse discuti\u00f3 con el hijo y quiz\u00e1s eso fue el detonante, ven\u00eda acumulando quiz\u00e1s\u201d.<\/p>\n<p>\u201cEl auto ten\u00eda poco nafta y no ten\u00eda dinero, muy lejos no se pudo ir, como mucho a Alsina o Portela\u201d.<\/p>\n<p>\u201cYa no sabemos d\u00f3nde m\u00e1s ir\u201d.<\/p>\n<p>Tiemponoticias.com.ar<\/p>\n<p>Www.Tiemponoticias.com.ar<\/p>\n<p>Noticias Baradero<\/p>\n","protected":false},"excerpt":{"rendered":"<p>A trav\u00e9s de #FmTiempo Ivana Brey, hermana de Guadalupe, relat\u00f3 c\u00f3mo fue la \u00faltima vez que la vieron, ayer al mediod\u00eda, y c\u00f3mo sigue la b\u00fasqueda de su paradero. \u201cHasta ahora no se sabe nada\u201d. \u201cMi hermano ven\u00eda de viaje y \u00e9l dice que ve al auto yendo para Santa Coloma por el camino ese\u201d. [&hellip;]<\/p>\n","protected":false},"author":4,"featured_media":5793,"comment_status":"open","ping_status":"open","sticky":false,"template":"","format":"standard","meta":{"footnotes":""},"categories":[174],"tags":[61],"class_list":["post-5792","post","type-post","status-publish","format-standard","has-post-thumbnail","hentry","category-local","tag-principal"],"amp_enabled":true,"_links":{"self":[{"href":"https:\/\/tiemponoticias.com.ar\/noticias\/wp-json\/wp\/v2\/posts\/5792","targetHints":{"allow":["GET"]}}],"collection":[{"href":"https:\/\/tiemponoticias.com.ar\/noticias\/wp-json\/wp\/v2\/posts"}],"about":[{"href":"https:\/\/tiemponoticias.com.ar\/noticias\/wp-json\/wp\/v2\/types\/post"}],"author":[{"embeddable":true,"href":"https:\/\/tiemponoticias.com.ar\/noticias\/wp-json\/wp\/v2\/users\/4"}],"replies":[{"embeddable":true,"href":"https:\/\/tiemponoticias.com.ar\/noticias\/wp-json\/wp\/v2\/comments?post=5792"}],"version-history":[{"count":1,"href":"https:\/\/tiemponoticias.com.ar\/noticias\/wp-json\/wp\/v2\/posts\/5792\/revisions"}],"predecessor-version":[{"id":5794,"href":"https:\/\/tiemponoticias.com.ar\/noticias\/wp-json\/wp\/v2\/posts\/5792\/revisions\/5794"}],"wp:featuredmedia":[{"embeddable":true,"href":"https:\/\/tiemponoticias.com.ar\/noticias\/wp-json\/wp\/v2\/media\/5793"}],"wp:attachment":[{"href":"https:\/\/tiemponoticias.com.ar\/noticias\/wp-json\/wp\/v2\/media?parent=5792"}],"wp:term":[{"taxonomy":"category","embeddable":true,"href":"https:\/\/tiemponoticias.com.ar\/noticias\/wp-json\/wp\/v2\/categories?post=5792"},{"taxonomy":"post_tag","embeddable":true,"href":"https:\/\/tiemponoticias.com.ar\/noticias\/wp-json\/wp\/v2\/tags?post=5792"}],"curies":[{"name":"wp","href":"https:\/\/api.w.org\/{rel}","templated":true}]}}