{"id":4809,"date":"2025-01-30T12:53:04","date_gmt":"2025-01-30T15:53:04","guid":{"rendered":"https:\/\/tiemponoticias.com.ar\/noticias\/?p=4809"},"modified":"2025-01-30T12:53:04","modified_gmt":"2025-01-30T15:53:04","slug":"%f0%9f%94%b4-te-lo-dejo-en-suspendo-veremos-como-llega-baradero-en-dos-anos","status":"publish","type":"post","link":"https:\/\/tiemponoticias.com.ar\/noticias\/%f0%9f%94%b4-te-lo-dejo-en-suspendo-veremos-como-llega-baradero-en-dos-anos\/","title":{"rendered":"&#x1f534; \u201cTE LO DEJO EN SUSPENDO, VEREMOS C\u00d3MO LLEGA BARADERO EN DOS A\u00d1OS\u201d"},"content":{"rendered":"<p>Fueron las palabras por #FmTiempo de la ex intendenta municipal , Fernanda Antonijevich, al ser consultada por una posible candidatura en las pr\u00f3ximas elecciones.<\/p>\n<p>\u201cYo espero que no me pidan ser candidata\u201d.<\/p>\n<p>\u201cYo cuando tomo decisiones no la tomo en base a encuestas porque si hubiera tomado en base a encuestas no me hubiese presentado frente a Carossi\u201d.<\/p>\n<p>\u201cLas decisiones de ser o no candidato a cargos tan importantes como la intendencia pasan por varios aspectos no solo por ser el mejor candidato o no\u201d.<\/p>\n<p>\u201cTiene que haber una cuesti\u00f3n de prop\u00f3sitos\u201d.<\/p>\n<p>\u201cTe lo dejo en suspenso, veremos c\u00f3mo llega Baradero dentro de dos a\u00f1os\u201d.<\/p>\n<p>Con respecto as\u00ed llevar\u00eda a Mart\u00edn Genoud, en una futura lista, dijo: \u201cNo, no lo llevar\u00eda a Mart\u00edn Genoud, est\u00e1 con los radicales de Lousteau\u201d.<\/p>\n<p>En un ping pong para de si organizar\u00eda un banquete en su casa a quien invitar\u00eda, respondi\u00f3:<\/p>\n<p>\u00bfA Carossi o Sanzio?<\/p>\n<p>\u201cNunca invite a ninguno de los dos\u201d.<\/p>\n<p>\u00bf A Mart\u00edn Genoud o Marcelo Daubian?<\/p>\n<p>\u201cAhora estoy m\u00e1s para invitarlo a Marcelo\u201d.<\/p>\n<p>Tiemponoticias.com.ar<\/p>\n<p>Www.Tiemponoticias.com.ar<\/p>\n<p>Noticias Baradero<\/p>\n","protected":false},"excerpt":{"rendered":"<p>Fueron las palabras por #FmTiempo de la ex intendenta municipal , Fernanda Antonijevich, al ser consultada por una posible candidatura en las pr\u00f3ximas elecciones. \u201cYo espero que no me pidan ser candidata\u201d. \u201cYo cuando tomo decisiones no la tomo en base a encuestas porque si hubiera tomado en base a encuestas no me hubiese presentado [&hellip;]<\/p>\n","protected":false},"author":4,"featured_media":4810,"comment_status":"open","ping_status":"open","sticky":false,"template":"","format":"standard","meta":{"footnotes":""},"categories":[174,6],"tags":[61],"class_list":["post-4809","post","type-post","status-publish","format-standard","has-post-thumbnail","hentry","category-local","category-politica","tag-principal"],"amp_enabled":true,"_links":{"self":[{"href":"https:\/\/tiemponoticias.com.ar\/noticias\/wp-json\/wp\/v2\/posts\/4809","targetHints":{"allow":["GET"]}}],"collection":[{"href":"https:\/\/tiemponoticias.com.ar\/noticias\/wp-json\/wp\/v2\/posts"}],"about":[{"href":"https:\/\/tiemponoticias.com.ar\/noticias\/wp-json\/wp\/v2\/types\/post"}],"author":[{"embeddable":true,"href":"https:\/\/tiemponoticias.com.ar\/noticias\/wp-json\/wp\/v2\/users\/4"}],"replies":[{"embeddable":true,"href":"https:\/\/tiemponoticias.com.ar\/noticias\/wp-json\/wp\/v2\/comments?post=4809"}],"version-history":[{"count":1,"href":"https:\/\/tiemponoticias.com.ar\/noticias\/wp-json\/wp\/v2\/posts\/4809\/revisions"}],"predecessor-version":[{"id":4811,"href":"https:\/\/tiemponoticias.com.ar\/noticias\/wp-json\/wp\/v2\/posts\/4809\/revisions\/4811"}],"wp:featuredmedia":[{"embeddable":true,"href":"https:\/\/tiemponoticias.com.ar\/noticias\/wp-json\/wp\/v2\/media\/4810"}],"wp:attachment":[{"href":"https:\/\/tiemponoticias.com.ar\/noticias\/wp-json\/wp\/v2\/media?parent=4809"}],"wp:term":[{"taxonomy":"category","embeddable":true,"href":"https:\/\/tiemponoticias.com.ar\/noticias\/wp-json\/wp\/v2\/categories?post=4809"},{"taxonomy":"post_tag","embeddable":true,"href":"https:\/\/tiemponoticias.com.ar\/noticias\/wp-json\/wp\/v2\/tags?post=4809"}],"curies":[{"name":"wp","href":"https:\/\/api.w.org\/{rel}","templated":true}]}}