{"id":4729,"date":"2025-01-27T12:25:07","date_gmt":"2025-01-27T15:25:07","guid":{"rendered":"https:\/\/tiemponoticias.com.ar\/noticias\/?p=4729"},"modified":"2025-01-27T12:25:07","modified_gmt":"2025-01-27T15:25:07","slug":"%f0%9f%94%b4-la-caratula-se-configura-como-homicidio-culposo-agravado-por-la-conduccion-de-un-vehiculo","status":"publish","type":"post","link":"https:\/\/tiemponoticias.com.ar\/noticias\/%f0%9f%94%b4-la-caratula-se-configura-como-homicidio-culposo-agravado-por-la-conduccion-de-un-vehiculo\/","title":{"rendered":"&#x1f534; \u201cLA CAR\u00c1TULA SE CONFIGURA COMO HOMICIDIO CULPOSO AGRAVADO POR LA CONDUCCI\u00d3N DE UN VEH\u00cdCULO\u201d"},"content":{"rendered":"<p>Lo confirm\u00f3 para #FmTiempo la Secretaria de la UFI N\u00b0 8 , Nelba Pulimeni, al ser consultada por la causa judicial del accidente entre una camioneta y una moto que se produjo en la ma\u00f1ana de ayer donde se llev\u00f3 una v\u00edctima fatal.<\/p>\n<p>\u201cLa metodolog\u00eda del accidente se va a saber cuando se haga la pericia mec\u00e1nica y accidentol\u00f3gica\u201d.<\/p>\n<p>\u201cPolic\u00eda cient\u00edfica llega al lugar al momento de producirse el accidente, si bien se puede imaginar la metodolog\u00eda del accidente no se puede decir porque hay una persona imputada\u201d.<\/p>\n<p>\u201cEntonces hay que esperar que se haga la pericia\u201d.<\/p>\n<p>\u201cEs la figura t\u00edpica del homicidio culposo\u201d.<\/p>\n<p>\u201cCuando yo llegu\u00e9 al lugar estaban esperando para que hagan los controles de alcoholemia\u201d.<\/p>\n<p>\u201cFue un arrastre terrible\u201d.<\/p>\n<p>\u201cEl chico que perdi\u00f3 la vida creo que ten\u00eda 21 a\u00f1os y el conductor 23 o viceversa\u201d.<\/p>\n<p>\u201cLa car\u00e1tula se configura como homicidio culposo agravado por conducci\u00f3n de veh\u00edculo\u201d.<\/p>\n<p>\u201cPorque los conductores tienen el deber de respetar las l\u00edneas de tr\u00e1nsito, a qu\u00e9 velocidad van y dem\u00e1s\u201d.<\/p>\n<p>\u201cPor eso muchas veces el veh\u00edculo se equipara con un arma\u201d.<\/p>\n<p>\u201cSe agrava por las conductas que tiene que asumir el conductor, por los deberes que debe tener\u201d.<\/p>\n<p>\u201cLa pena lo determina el fiscal\u201d.<\/p>\n<p>\u201cHasta ahora no tuvo la intenci\u00f3n de matar por eso no se toma medida coercitiva hacia su persona\u201d.<\/p>\n<p>Tiemponoticias.com.ar<\/p>\n<p>Www.Tiemponoticias.com.ar<\/p>\n<p>Noticias Baradero<\/p>\n","protected":false},"excerpt":{"rendered":"<p>Lo confirm\u00f3 para #FmTiempo la Secretaria de la UFI N\u00b0 8 , Nelba Pulimeni, al ser consultada por la causa judicial del accidente entre una camioneta y una moto que se produjo en la ma\u00f1ana de ayer donde se llev\u00f3 una v\u00edctima fatal. \u201cLa metodolog\u00eda del accidente se va a saber cuando se haga la [&hellip;]<\/p>\n","protected":false},"author":4,"featured_media":4730,"comment_status":"open","ping_status":"open","sticky":false,"template":"","format":"standard","meta":{"footnotes":""},"categories":[174],"tags":[61],"class_list":["post-4729","post","type-post","status-publish","format-standard","has-post-thumbnail","hentry","category-local","tag-principal"],"amp_enabled":true,"_links":{"self":[{"href":"https:\/\/tiemponoticias.com.ar\/noticias\/wp-json\/wp\/v2\/posts\/4729","targetHints":{"allow":["GET"]}}],"collection":[{"href":"https:\/\/tiemponoticias.com.ar\/noticias\/wp-json\/wp\/v2\/posts"}],"about":[{"href":"https:\/\/tiemponoticias.com.ar\/noticias\/wp-json\/wp\/v2\/types\/post"}],"author":[{"embeddable":true,"href":"https:\/\/tiemponoticias.com.ar\/noticias\/wp-json\/wp\/v2\/users\/4"}],"replies":[{"embeddable":true,"href":"https:\/\/tiemponoticias.com.ar\/noticias\/wp-json\/wp\/v2\/comments?post=4729"}],"version-history":[{"count":1,"href":"https:\/\/tiemponoticias.com.ar\/noticias\/wp-json\/wp\/v2\/posts\/4729\/revisions"}],"predecessor-version":[{"id":4731,"href":"https:\/\/tiemponoticias.com.ar\/noticias\/wp-json\/wp\/v2\/posts\/4729\/revisions\/4731"}],"wp:featuredmedia":[{"embeddable":true,"href":"https:\/\/tiemponoticias.com.ar\/noticias\/wp-json\/wp\/v2\/media\/4730"}],"wp:attachment":[{"href":"https:\/\/tiemponoticias.com.ar\/noticias\/wp-json\/wp\/v2\/media?parent=4729"}],"wp:term":[{"taxonomy":"category","embeddable":true,"href":"https:\/\/tiemponoticias.com.ar\/noticias\/wp-json\/wp\/v2\/categories?post=4729"},{"taxonomy":"post_tag","embeddable":true,"href":"https:\/\/tiemponoticias.com.ar\/noticias\/wp-json\/wp\/v2\/tags?post=4729"}],"curies":[{"name":"wp","href":"https:\/\/api.w.org\/{rel}","templated":true}]}}