{"id":4726,"date":"2025-01-27T12:22:49","date_gmt":"2025-01-27T15:22:49","guid":{"rendered":"https:\/\/tiemponoticias.com.ar\/noticias\/?p=4726"},"modified":"2025-01-27T12:23:03","modified_gmt":"2025-01-27T15:23:03","slug":"%f0%9f%94%b4-un-joven-fallecio-en-consecuencia-de-un-accidente-de-trafico","status":"publish","type":"post","link":"https:\/\/tiemponoticias.com.ar\/noticias\/%f0%9f%94%b4-un-joven-fallecio-en-consecuencia-de-un-accidente-de-trafico\/","title":{"rendered":"&#x1f534; UN JOVEN FALLECI\u00d3 EN CONSECUENCIA DE UN ACCIDENTE DE TR\u00c1FICO"},"content":{"rendered":"<p>A trav\u00e9s de #FmTiempo el Director del Hospital, Carlos Baliela, brind\u00f3 informaci\u00f3n sobre el accidente que ocurri\u00f3 en la ma\u00f1ana de ayer cuando una camioneta impact\u00f3 con una moto y se produjo el fallecimiento de quien ocupaba el rodador menor.<\/p>\n<p>\u201cAl dirigirse al lugar \u00e9l m\u00e9dico y la m\u00e9dica de guardia constat\u00f3 el \u00f3bito de la persona que iba en la moto\u201d.<\/p>\n<p>\u201cEra un joven de aproximadamente 20 a\u00f1os\u201d.<\/p>\n<p>\u201cAl llegar al lugar constataron el \u00f3bito de la persona\u201d.<\/p>\n<p>\u201cNo trajeron a nadie de los integrantes de la camioneta\u201d.<\/p>\n<p>Tiemponoticias.com.ar<\/p>\n<p>Www.Tiemponoticias.com.ar<\/p>\n<p>Noticias Baradero<\/p>\n","protected":false},"excerpt":{"rendered":"<p>A trav\u00e9s de #FmTiempo el Director del Hospital, Carlos Baliela, brind\u00f3 informaci\u00f3n sobre el accidente que ocurri\u00f3 en la ma\u00f1ana de ayer cuando una camioneta impact\u00f3 con una moto y se produjo el fallecimiento de quien ocupaba el rodador menor. \u201cAl dirigirse al lugar \u00e9l m\u00e9dico y la m\u00e9dica de guardia constat\u00f3 el \u00f3bito de [&hellip;]<\/p>\n","protected":false},"author":4,"featured_media":4727,"comment_status":"open","ping_status":"open","sticky":false,"template":"","format":"standard","meta":{"footnotes":""},"categories":[174],"tags":[61],"class_list":["post-4726","post","type-post","status-publish","format-standard","has-post-thumbnail","hentry","category-local","tag-principal"],"amp_enabled":true,"_links":{"self":[{"href":"https:\/\/tiemponoticias.com.ar\/noticias\/wp-json\/wp\/v2\/posts\/4726","targetHints":{"allow":["GET"]}}],"collection":[{"href":"https:\/\/tiemponoticias.com.ar\/noticias\/wp-json\/wp\/v2\/posts"}],"about":[{"href":"https:\/\/tiemponoticias.com.ar\/noticias\/wp-json\/wp\/v2\/types\/post"}],"author":[{"embeddable":true,"href":"https:\/\/tiemponoticias.com.ar\/noticias\/wp-json\/wp\/v2\/users\/4"}],"replies":[{"embeddable":true,"href":"https:\/\/tiemponoticias.com.ar\/noticias\/wp-json\/wp\/v2\/comments?post=4726"}],"version-history":[{"count":1,"href":"https:\/\/tiemponoticias.com.ar\/noticias\/wp-json\/wp\/v2\/posts\/4726\/revisions"}],"predecessor-version":[{"id":4728,"href":"https:\/\/tiemponoticias.com.ar\/noticias\/wp-json\/wp\/v2\/posts\/4726\/revisions\/4728"}],"wp:featuredmedia":[{"embeddable":true,"href":"https:\/\/tiemponoticias.com.ar\/noticias\/wp-json\/wp\/v2\/media\/4727"}],"wp:attachment":[{"href":"https:\/\/tiemponoticias.com.ar\/noticias\/wp-json\/wp\/v2\/media?parent=4726"}],"wp:term":[{"taxonomy":"category","embeddable":true,"href":"https:\/\/tiemponoticias.com.ar\/noticias\/wp-json\/wp\/v2\/categories?post=4726"},{"taxonomy":"post_tag","embeddable":true,"href":"https:\/\/tiemponoticias.com.ar\/noticias\/wp-json\/wp\/v2\/tags?post=4726"}],"curies":[{"name":"wp","href":"https:\/\/api.w.org\/{rel}","templated":true}]}}