{"id":4720,"date":"2025-01-24T11:57:30","date_gmt":"2025-01-24T14:57:30","guid":{"rendered":"https:\/\/tiemponoticias.com.ar\/noticias\/?p=4720"},"modified":"2025-01-24T11:57:30","modified_gmt":"2025-01-24T14:57:30","slug":"%f0%9f%94%b4-ellos-no-reconocen-ni-quieren-los-derechos-humanos","status":"publish","type":"post","link":"https:\/\/tiemponoticias.com.ar\/noticias\/%f0%9f%94%b4-ellos-no-reconocen-ni-quieren-los-derechos-humanos\/","title":{"rendered":"&#x1f534; \u201cELLOS NO RECONOCEN NI QUIEREN LOS DERECHOS HUMANOS\u201d"},"content":{"rendered":"<p class=\"p1\">Lo dijo en #FmTiempo el Director de Derechos Humanos, Felipe Barrios, en referencia a las distintas medidas, como sacar la figura del femicidio del c\u00f3digo penal, que tom\u00f3 el gobierno que van es desmedro de diversos derechos.<\/p>\n<p class=\"p1\"><span class=\"s1\">\u201cEsto no es nuevo es algo c\u00edclico que la derecha siempre lo hizo y est\u00e1 acostumbrado hacer\u201d.<\/span><\/p>\n<p class=\"p1\"><span class=\"s1\">\u201cNosotros debemos estar preparado para hacer frente a todas estas cuestiones hay de por medio un mont\u00f3n de cuestiones legales\u201d.<\/span><\/p>\n<p class=\"p1\"><span class=\"s1\">\u201cEs grav\u00edsimo lo que dijo el se\u00f1or presidente de la naci\u00f3n\u201d.<\/span><\/p>\n<p class=\"p1\"><span class=\"s1\">\u201cArgentina fue pioneros de los derechos humanos\u201d.<\/span><\/p>\n<p class=\"p1\"><span class=\"s1\">\u201cYo siempre digo \u00bfcomo haces vos para esconder un elefante? lo escondes dentro de una manada de elefantes y ac\u00e1 est\u00e1n escondiendo lo que verdaderamente pasa como por ejemplo ayer con las eliminaciones del agro\u201d.<\/span><\/p>\n<p class=\"p1\"><span class=\"s1\">\u201cTampoco soy tarado para creerme que el costo de bajar la inflaci\u00f3n es gratis que no se debe nada\u201d.<\/span><\/p>\n<p class=\"p1\"><span class=\"s1\">\u201cSi volcamos a lo que dice la constituci\u00f3n sobre derechos se lo pasaron por los bolsillos\u201d.<\/span><\/p>\n<p class=\"p1\"><span class=\"s1\">\u201cEllos no reconocen ni quieren los Derechos Humanos, lo vienen preparando hace rato\u201d.<\/span><\/p>\n<p>Tiemponoticias.com.ar<\/p>\n<p>Www.Tiemponoticias.com.ar<\/p>\n<p>Noticias Baradero<\/p>\n","protected":false},"excerpt":{"rendered":"<p>Lo dijo en #FmTiempo el Director de Derechos Humanos, Felipe Barrios, en referencia a las distintas medidas, como sacar la figura del femicidio del c\u00f3digo penal, que tom\u00f3 el gobierno que van es desmedro de diversos derechos. \u201cEsto no es nuevo es algo c\u00edclico que la derecha siempre lo hizo y est\u00e1 acostumbrado hacer\u201d. \u201cNosotros [&hellip;]<\/p>\n","protected":false},"author":4,"featured_media":4721,"comment_status":"open","ping_status":"open","sticky":false,"template":"","format":"standard","meta":{"footnotes":""},"categories":[174],"tags":[61],"class_list":["post-4720","post","type-post","status-publish","format-standard","has-post-thumbnail","hentry","category-local","tag-principal"],"amp_enabled":true,"_links":{"self":[{"href":"https:\/\/tiemponoticias.com.ar\/noticias\/wp-json\/wp\/v2\/posts\/4720","targetHints":{"allow":["GET"]}}],"collection":[{"href":"https:\/\/tiemponoticias.com.ar\/noticias\/wp-json\/wp\/v2\/posts"}],"about":[{"href":"https:\/\/tiemponoticias.com.ar\/noticias\/wp-json\/wp\/v2\/types\/post"}],"author":[{"embeddable":true,"href":"https:\/\/tiemponoticias.com.ar\/noticias\/wp-json\/wp\/v2\/users\/4"}],"replies":[{"embeddable":true,"href":"https:\/\/tiemponoticias.com.ar\/noticias\/wp-json\/wp\/v2\/comments?post=4720"}],"version-history":[{"count":1,"href":"https:\/\/tiemponoticias.com.ar\/noticias\/wp-json\/wp\/v2\/posts\/4720\/revisions"}],"predecessor-version":[{"id":4722,"href":"https:\/\/tiemponoticias.com.ar\/noticias\/wp-json\/wp\/v2\/posts\/4720\/revisions\/4722"}],"wp:featuredmedia":[{"embeddable":true,"href":"https:\/\/tiemponoticias.com.ar\/noticias\/wp-json\/wp\/v2\/media\/4721"}],"wp:attachment":[{"href":"https:\/\/tiemponoticias.com.ar\/noticias\/wp-json\/wp\/v2\/media?parent=4720"}],"wp:term":[{"taxonomy":"category","embeddable":true,"href":"https:\/\/tiemponoticias.com.ar\/noticias\/wp-json\/wp\/v2\/categories?post=4720"},{"taxonomy":"post_tag","embeddable":true,"href":"https:\/\/tiemponoticias.com.ar\/noticias\/wp-json\/wp\/v2\/tags?post=4720"}],"curies":[{"name":"wp","href":"https:\/\/api.w.org\/{rel}","templated":true}]}}