{"id":4717,"date":"2025-01-24T11:55:45","date_gmt":"2025-01-24T14:55:45","guid":{"rendered":"https:\/\/tiemponoticias.com.ar\/noticias\/?p=4717"},"modified":"2025-01-24T11:55:45","modified_gmt":"2025-01-24T14:55:45","slug":"%f0%9f%94%b4-agro-es-un-mensaje-positivo-no-es-suficiente-pero-ayuda","status":"publish","type":"post","link":"https:\/\/tiemponoticias.com.ar\/noticias\/%f0%9f%94%b4-agro-es-un-mensaje-positivo-no-es-suficiente-pero-ayuda\/","title":{"rendered":"&#x1f534; #AGRO| \u201cES UN MENSAJE POSITIVO, NO ES SUFICIENTE PERO AYUDA\u201d"},"content":{"rendered":"<p>Lo expres\u00f3 para #FmTiempo el Presidente de la Sociedad Rural, Bruno Violi, al ser consultado por el anuncio que hizo el gobierno de bajar las retenciones al campo.<\/p>\n<p>\u201cEs un mensaje claro de lo que hab\u00eda prometido el Presidente en campa\u00f1a sin embargo va a ser una cuesti\u00f3n transitoria porque va a ir desde ahora hasta junio\u201d.<\/p>\n<p>\u201cVa a ser una situaci\u00f3n temporal y el argumento es que no est\u00e1n las condiciones econ\u00f3micas dadas\u201d.<\/p>\n<p>\u201cEs un mensaje positivo, no es suficiente pero ayuda\u201d.<\/p>\n<p>\u201cEstamos atravesando una situaci\u00f3n de sequ\u00eda que es bastante importante no se termina de regularizar el r\u00e9gimen de lluvia y se est\u00e1n presentando algunos inconvenientes. Ya se ven las perdidas en el sector\u201d.<\/p>\n<p>\u201cEsta medida es aceptada pero no suficiente\u201d.<\/p>\n<p>\u201cEspero que no sea una estrategia electoralista y que despu\u00e9s todo esto vuelvan sus valores a como estaba ayer porque sino no van a ser bien vistos por el sector\u201d.<\/p>\n<p>\u201cSi el sector no es rentable la actividad se cae, hay que ver que pasa\u201d.<\/p>\n<p>\u201cMe da la sensaci\u00f3n de que la fecha que pusieron es para poder saber que va a a pasar con los precios internacionales y tambi\u00e9n con los internos\u201d.<\/p>\n<p>\u201cTodo esto se va a saber c\u00f3mo termina a mitad de a\u00f1o\u201d.<\/p>\n<p>\u201cEl productor est\u00e1 intranquilo, lo que hizo este gobierno es manejar las formas el gobierno anterior ten\u00eda una forma agresiva de manejarse\u201d.<\/p>\n<p>Tiemponoticias.com.ar<\/p>\n<p>Www.Tiemponoticias.com.ar<\/p>\n<p>Noticias Baradero<\/p>\n","protected":false},"excerpt":{"rendered":"<p>Lo expres\u00f3 para #FmTiempo el Presidente de la Sociedad Rural, Bruno Violi, al ser consultado por el anuncio que hizo el gobierno de bajar las retenciones al campo. \u201cEs un mensaje claro de lo que hab\u00eda prometido el Presidente en campa\u00f1a sin embargo va a ser una cuesti\u00f3n transitoria porque va a ir desde ahora [&hellip;]<\/p>\n","protected":false},"author":4,"featured_media":4718,"comment_status":"open","ping_status":"open","sticky":false,"template":"","format":"standard","meta":{"footnotes":""},"categories":[174],"tags":[61],"class_list":["post-4717","post","type-post","status-publish","format-standard","has-post-thumbnail","hentry","category-local","tag-principal"],"amp_enabled":true,"_links":{"self":[{"href":"https:\/\/tiemponoticias.com.ar\/noticias\/wp-json\/wp\/v2\/posts\/4717","targetHints":{"allow":["GET"]}}],"collection":[{"href":"https:\/\/tiemponoticias.com.ar\/noticias\/wp-json\/wp\/v2\/posts"}],"about":[{"href":"https:\/\/tiemponoticias.com.ar\/noticias\/wp-json\/wp\/v2\/types\/post"}],"author":[{"embeddable":true,"href":"https:\/\/tiemponoticias.com.ar\/noticias\/wp-json\/wp\/v2\/users\/4"}],"replies":[{"embeddable":true,"href":"https:\/\/tiemponoticias.com.ar\/noticias\/wp-json\/wp\/v2\/comments?post=4717"}],"version-history":[{"count":1,"href":"https:\/\/tiemponoticias.com.ar\/noticias\/wp-json\/wp\/v2\/posts\/4717\/revisions"}],"predecessor-version":[{"id":4719,"href":"https:\/\/tiemponoticias.com.ar\/noticias\/wp-json\/wp\/v2\/posts\/4717\/revisions\/4719"}],"wp:featuredmedia":[{"embeddable":true,"href":"https:\/\/tiemponoticias.com.ar\/noticias\/wp-json\/wp\/v2\/media\/4718"}],"wp:attachment":[{"href":"https:\/\/tiemponoticias.com.ar\/noticias\/wp-json\/wp\/v2\/media?parent=4717"}],"wp:term":[{"taxonomy":"category","embeddable":true,"href":"https:\/\/tiemponoticias.com.ar\/noticias\/wp-json\/wp\/v2\/categories?post=4717"},{"taxonomy":"post_tag","embeddable":true,"href":"https:\/\/tiemponoticias.com.ar\/noticias\/wp-json\/wp\/v2\/tags?post=4717"}],"curies":[{"name":"wp","href":"https:\/\/api.w.org\/{rel}","templated":true}]}}