{"id":4714,"date":"2025-01-24T11:54:55","date_gmt":"2025-01-24T14:54:55","guid":{"rendered":"https:\/\/tiemponoticias.com.ar\/noticias\/?p=4714"},"modified":"2025-01-24T11:54:55","modified_gmt":"2025-01-24T14:54:55","slug":"%f0%9f%94%b4-queremos-que-todos-los-sectores-tengan-la-posibilidad-de-venir-y-disfrutar-el-show","status":"publish","type":"post","link":"https:\/\/tiemponoticias.com.ar\/noticias\/%f0%9f%94%b4-queremos-que-todos-los-sectores-tengan-la-posibilidad-de-venir-y-disfrutar-el-show\/","title":{"rendered":"&#x1f534; \u201cQUEREMOS QUE TODOS LOS SECTORES TENGAN LA POSIBILIDAD DE VENIR Y DISFRUTAR EL SHOW\u201d"},"content":{"rendered":"<p>Lo expres\u00f3 para #FmTiempo el Intendente Municipal, Estaban Sanzio, en referencia a una nueva edici\u00f3n, este a\u00f1o la n\u00famero 50, del Festival Nacional de M\u00fasica Popular.<\/p>\n<p>\u201cDesde el punto de vista econ\u00f3mico hab\u00eda gente que hab\u00eda pagado $70.000 para ver a Luciano Pereyra y desde ese punto de vista era accesible\u201d.<\/p>\n<p>\u201cOjal\u00e1 eso se represente en much\u00edsima gente que quiera venir a ver\u201d.<\/p>\n<p>\u201cQueremos que todos los sectores tenga la posibilidad de venir y disfrutar el show\u201d.<\/p>\n<p>\u201cTambi\u00e9n queremos que sea un motor econ\u00f3mico, una herramienta\u201d.<\/p>\n<p>\u201cA veces hay que leer que dicen que Baradero se limita al mercado ra\u00edz \u00bfy donde est\u00e1 el Baradero que trajo a la Renga y meti\u00f3 35.000 personas?\u201d.<\/p>\n<p>\u201cHay que ponerse la camiseta de Baradero y hacer que estas cosas sucedan\u201d.<\/p>\n<p>\u201cEl a\u00f1o pasado se tuvo que buscar una alternativa mixta porque cuando asumimos en Diciembre nos dijeron que no hab\u00eda recursos para nada\u201d.<\/p>\n<p>\u201cUn festival como el nuestro no se sostiene con recursos municipales, pasamos la edici\u00f3n pasada como pudimos no como quisimos\u201d.<\/p>\n<p>Tiemponoticias.com.ar<\/p>\n<p>Www.Tiemponoticias.com.ar<\/p>\n<p>Noticias Baradero<\/p>\n","protected":false},"excerpt":{"rendered":"<p>Lo expres\u00f3 para #FmTiempo el Intendente Municipal, Estaban Sanzio, en referencia a una nueva edici\u00f3n, este a\u00f1o la n\u00famero 50, del Festival Nacional de M\u00fasica Popular. \u201cDesde el punto de vista econ\u00f3mico hab\u00eda gente que hab\u00eda pagado $70.000 para ver a Luciano Pereyra y desde ese punto de vista era accesible\u201d. \u201cOjal\u00e1 eso se represente [&hellip;]<\/p>\n","protected":false},"author":4,"featured_media":4715,"comment_status":"open","ping_status":"open","sticky":false,"template":"","format":"standard","meta":{"footnotes":""},"categories":[174],"tags":[61],"class_list":["post-4714","post","type-post","status-publish","format-standard","has-post-thumbnail","hentry","category-local","tag-principal"],"amp_enabled":true,"_links":{"self":[{"href":"https:\/\/tiemponoticias.com.ar\/noticias\/wp-json\/wp\/v2\/posts\/4714","targetHints":{"allow":["GET"]}}],"collection":[{"href":"https:\/\/tiemponoticias.com.ar\/noticias\/wp-json\/wp\/v2\/posts"}],"about":[{"href":"https:\/\/tiemponoticias.com.ar\/noticias\/wp-json\/wp\/v2\/types\/post"}],"author":[{"embeddable":true,"href":"https:\/\/tiemponoticias.com.ar\/noticias\/wp-json\/wp\/v2\/users\/4"}],"replies":[{"embeddable":true,"href":"https:\/\/tiemponoticias.com.ar\/noticias\/wp-json\/wp\/v2\/comments?post=4714"}],"version-history":[{"count":1,"href":"https:\/\/tiemponoticias.com.ar\/noticias\/wp-json\/wp\/v2\/posts\/4714\/revisions"}],"predecessor-version":[{"id":4716,"href":"https:\/\/tiemponoticias.com.ar\/noticias\/wp-json\/wp\/v2\/posts\/4714\/revisions\/4716"}],"wp:featuredmedia":[{"embeddable":true,"href":"https:\/\/tiemponoticias.com.ar\/noticias\/wp-json\/wp\/v2\/media\/4715"}],"wp:attachment":[{"href":"https:\/\/tiemponoticias.com.ar\/noticias\/wp-json\/wp\/v2\/media?parent=4714"}],"wp:term":[{"taxonomy":"category","embeddable":true,"href":"https:\/\/tiemponoticias.com.ar\/noticias\/wp-json\/wp\/v2\/categories?post=4714"},{"taxonomy":"post_tag","embeddable":true,"href":"https:\/\/tiemponoticias.com.ar\/noticias\/wp-json\/wp\/v2\/tags?post=4714"}],"curies":[{"name":"wp","href":"https:\/\/api.w.org\/{rel}","templated":true}]}}