{"id":4711,"date":"2025-01-24T11:53:59","date_gmt":"2025-01-24T14:53:59","guid":{"rendered":"https:\/\/tiemponoticias.com.ar\/noticias\/?p=4711"},"modified":"2025-01-24T11:53:59","modified_gmt":"2025-01-24T14:53:59","slug":"%f0%9f%94%b4-la-fila-para-comprar-entradas-para-el-festival-llega-desde-la-boleteria-hasta-la-esquina-del-jardin-de-infantes","status":"publish","type":"post","link":"https:\/\/tiemponoticias.com.ar\/noticias\/%f0%9f%94%b4-la-fila-para-comprar-entradas-para-el-festival-llega-desde-la-boleteria-hasta-la-esquina-del-jardin-de-infantes\/","title":{"rendered":"&#x1f534; LA FILA PARA COMPRAR ENTRADAS PARA EL FESTIVAL LLEGA DESDE LA BOLETER\u00cdA HASTA LA ESQUINA DEL JARD\u00cdN DE INFANTES"},"content":{"rendered":"<p>El m\u00f3vil de #FmTiempo se acerc\u00f3 hasta la boleter\u00eda del anfiteatro para el arranque de la preventa de entradas para el festival 2025. Hasta el momento el m\u00e1s elegido por el p\u00fablico es Luciano Pereyra.<\/p>\n<p>\u201cLa fila llega desde la boleter\u00eda hasta pr\u00e1cticamente la esquina del jard\u00edn de infantes\u201d.<\/p>\n<p>\u201cEl horaria es de las 9:00 hasta las 13:00hs y despu\u00e9s desde las 17:00 hasta las 20:00hs\u201d.<\/p>\n<p>Dialogamos con distintas personas que se encontraban esperando para comprar la entrada y esto nos dec\u00edan:<\/p>\n<p>\u201cVinimos para comprar la entrada para Luciano Pereyra pero al parecer se cay\u00f3 el sistema, nos esteramos por redes y vinos por el, es la \u00fanica noche\u201d.<\/p>\n<p>\u201cLa entrada me pareci\u00f3 dentro de todo accesible\u201d. Nos manifest\u00f3 Nahuel oriundo de Escobar.<\/p>\n<p>Mat\u00edas de San Pedro nos comentaba lo siguiente: \u201cCuando las de la entrada coordinen la memoria con los dedos vamos a poder comprar\u201d. Esto es debido a que encuentra demorada la venta de las entradas.<\/p>\n<p>\u201cVine a comprarle entradas a mi hermano, los precios son adecuados depende del artista\u201d.<\/p>\n<p>Tiemponoticias.com.ar<\/p>\n<p>Www.Tiemponoticias.com.ar<\/p>\n<p>Noticias Baradero<\/p>\n","protected":false},"excerpt":{"rendered":"<p>El m\u00f3vil de #FmTiempo se acerc\u00f3 hasta la boleter\u00eda del anfiteatro para el arranque de la preventa de entradas para el festival 2025. Hasta el momento el m\u00e1s elegido por el p\u00fablico es Luciano Pereyra. \u201cLa fila llega desde la boleter\u00eda hasta pr\u00e1cticamente la esquina del jard\u00edn de infantes\u201d. \u201cEl horaria es de las 9:00 [&hellip;]<\/p>\n","protected":false},"author":4,"featured_media":4712,"comment_status":"open","ping_status":"open","sticky":false,"template":"","format":"standard","meta":{"footnotes":""},"categories":[174],"tags":[61],"class_list":["post-4711","post","type-post","status-publish","format-standard","has-post-thumbnail","hentry","category-local","tag-principal"],"amp_enabled":true,"_links":{"self":[{"href":"https:\/\/tiemponoticias.com.ar\/noticias\/wp-json\/wp\/v2\/posts\/4711","targetHints":{"allow":["GET"]}}],"collection":[{"href":"https:\/\/tiemponoticias.com.ar\/noticias\/wp-json\/wp\/v2\/posts"}],"about":[{"href":"https:\/\/tiemponoticias.com.ar\/noticias\/wp-json\/wp\/v2\/types\/post"}],"author":[{"embeddable":true,"href":"https:\/\/tiemponoticias.com.ar\/noticias\/wp-json\/wp\/v2\/users\/4"}],"replies":[{"embeddable":true,"href":"https:\/\/tiemponoticias.com.ar\/noticias\/wp-json\/wp\/v2\/comments?post=4711"}],"version-history":[{"count":1,"href":"https:\/\/tiemponoticias.com.ar\/noticias\/wp-json\/wp\/v2\/posts\/4711\/revisions"}],"predecessor-version":[{"id":4713,"href":"https:\/\/tiemponoticias.com.ar\/noticias\/wp-json\/wp\/v2\/posts\/4711\/revisions\/4713"}],"wp:featuredmedia":[{"embeddable":true,"href":"https:\/\/tiemponoticias.com.ar\/noticias\/wp-json\/wp\/v2\/media\/4712"}],"wp:attachment":[{"href":"https:\/\/tiemponoticias.com.ar\/noticias\/wp-json\/wp\/v2\/media?parent=4711"}],"wp:term":[{"taxonomy":"category","embeddable":true,"href":"https:\/\/tiemponoticias.com.ar\/noticias\/wp-json\/wp\/v2\/categories?post=4711"},{"taxonomy":"post_tag","embeddable":true,"href":"https:\/\/tiemponoticias.com.ar\/noticias\/wp-json\/wp\/v2\/tags?post=4711"}],"curies":[{"name":"wp","href":"https:\/\/api.w.org\/{rel}","templated":true}]}}