{"id":4379,"date":"2025-01-02T11:11:56","date_gmt":"2025-01-02T14:11:56","guid":{"rendered":"https:\/\/tiemponoticias.com.ar\/noticias\/?p=4379"},"modified":"2025-01-02T11:11:56","modified_gmt":"2025-01-02T14:11:56","slug":"%f0%9f%94%b4le-robaron-la-moto-y-despues-se-la-devolvieron","status":"publish","type":"post","link":"https:\/\/tiemponoticias.com.ar\/noticias\/%f0%9f%94%b4le-robaron-la-moto-y-despues-se-la-devolvieron\/","title":{"rendered":"&#x1f534;LE ROBARON LA MOTO Y DESPU\u00c9S SE LA DEVOLVIERON"},"content":{"rendered":"<p>A trav\u00e9s de #FmTiempo Marcos Lucena, amigo de la v\u00edctima de robo, dio detalles del hecho que ocurri\u00f3 en calle Ferm\u00edn Rosell 655.<\/p>\n<p>\u201cMe llamo mi amiga que le hab\u00edan robado la moto\u201d.<\/p>\n<p>\u201cDejaron la moto afuera en este complejo de departamentos\u201d.<\/p>\n<p>\u201cCuando sali\u00f3 a las 10-11 de la ma\u00f1ana se encontr\u00f3 con que no estaba la moto\u201d.<\/p>\n<p>\u201cLe dije que pidiera las c\u00e1maras de los vecinos\u201d.<\/p>\n<p>\u201cYa hab\u00edan robado motos, una bici que estaba atada\u201d.<\/p>\n<p>\u201cConsigui\u00f3 el video, se ve la cara de la persona que se la lleva\u201d.<\/p>\n<p>\u201cYo llam\u00e9 a lacerna, le dije que \u00e9l me aegurara que la iba a buscar\u201d.<\/p>\n<p>\u201cVen\u00eda caminando el chico que rob\u00f3 la moto, dijo que ven\u00eda por eso, le dijo que estaba tirada por ah\u00ed nomas\u201d.<\/p>\n<p>\u201cEstaba en un terreno unos metros m\u00e1s adelante de donde la robaron\u201d.<\/p>\n<p>\u201cDijo que \u00e9l la fue a buscar porque vio la publicaci\u00f3n\u201d.<\/p>\n<p>\u201c\u00c9l dice que no la rob\u00f3, que lo hab\u00edan mandado\u201d.<\/p>\n<p>\u201cFuimos con el pibe, le dej\u00f3 el celular a modo de garant\u00eda para ense\u00f1arle de confianza y buscamos la moto donde \u00e9l dijo que estaba tirada\u201d.<\/p>\n<p>\u201cLe hab\u00edan cortado unos cables de la luz, estaba intacta\u201d.<\/p>\n<p>\u201cVolvimos al lugar, le devolvimos el celular y ya est\u00e1\u201d.<\/p>\n<p>Tiemponoticias.com.ar<\/p>\n<p>Www.Tiemponoticias.com.ar<\/p>\n<p>Noticias Baradero<\/p>\n","protected":false},"excerpt":{"rendered":"<p>A trav\u00e9s de #FmTiempo Marcos Lucena, amigo de la v\u00edctima de robo, dio detalles del hecho que ocurri\u00f3 en calle Ferm\u00edn Rosell 655. \u201cMe llamo mi amiga que le hab\u00edan robado la moto\u201d. \u201cDejaron la moto afuera en este complejo de departamentos\u201d. \u201cCuando sali\u00f3 a las 10-11 de la ma\u00f1ana se encontr\u00f3 con que no [&hellip;]<\/p>\n","protected":false},"author":4,"featured_media":4380,"comment_status":"open","ping_status":"open","sticky":false,"template":"","format":"standard","meta":{"footnotes":""},"categories":[174,175],"tags":[61],"class_list":["post-4379","post","type-post","status-publish","format-standard","has-post-thumbnail","hentry","category-local","category-policiales","tag-principal"],"amp_enabled":true,"_links":{"self":[{"href":"https:\/\/tiemponoticias.com.ar\/noticias\/wp-json\/wp\/v2\/posts\/4379","targetHints":{"allow":["GET"]}}],"collection":[{"href":"https:\/\/tiemponoticias.com.ar\/noticias\/wp-json\/wp\/v2\/posts"}],"about":[{"href":"https:\/\/tiemponoticias.com.ar\/noticias\/wp-json\/wp\/v2\/types\/post"}],"author":[{"embeddable":true,"href":"https:\/\/tiemponoticias.com.ar\/noticias\/wp-json\/wp\/v2\/users\/4"}],"replies":[{"embeddable":true,"href":"https:\/\/tiemponoticias.com.ar\/noticias\/wp-json\/wp\/v2\/comments?post=4379"}],"version-history":[{"count":1,"href":"https:\/\/tiemponoticias.com.ar\/noticias\/wp-json\/wp\/v2\/posts\/4379\/revisions"}],"predecessor-version":[{"id":4381,"href":"https:\/\/tiemponoticias.com.ar\/noticias\/wp-json\/wp\/v2\/posts\/4379\/revisions\/4381"}],"wp:featuredmedia":[{"embeddable":true,"href":"https:\/\/tiemponoticias.com.ar\/noticias\/wp-json\/wp\/v2\/media\/4380"}],"wp:attachment":[{"href":"https:\/\/tiemponoticias.com.ar\/noticias\/wp-json\/wp\/v2\/media?parent=4379"}],"wp:term":[{"taxonomy":"category","embeddable":true,"href":"https:\/\/tiemponoticias.com.ar\/noticias\/wp-json\/wp\/v2\/categories?post=4379"},{"taxonomy":"post_tag","embeddable":true,"href":"https:\/\/tiemponoticias.com.ar\/noticias\/wp-json\/wp\/v2\/tags?post=4379"}],"curies":[{"name":"wp","href":"https:\/\/api.w.org\/{rel}","templated":true}]}}