{"id":1178,"date":"2024-04-23T14:10:12","date_gmt":"2024-04-23T14:10:12","guid":{"rendered":"https:\/\/tiemponoticias.com.ar\/noticias\/?p=1178"},"modified":"2024-04-23T14:10:12","modified_gmt":"2024-04-23T14:10:12","slug":"hubo-avisos-por-tormentas-fuertes-y-en-capitan-sarmiento-solo-hubo-una-pedrada","status":"publish","type":"post","link":"https:\/\/tiemponoticias.com.ar\/noticias\/hubo-avisos-por-tormentas-fuertes-y-en-capitan-sarmiento-solo-hubo-una-pedrada\/","title":{"rendered":"\u00abHUBO AVISOS POR TORMENTAS FUERTES Y EN CAPITAN SARMIENTO S\u00d3LO HUBO UNA PEDRADA\u00bb"},"content":{"rendered":"<p>Lo dijo por <a class=\"x1i10hfl xjbqb8w x1ejq31n xd10rxx x1sy0etr x17r0tee x972fbf xcfux6l x1qhh985 xm0m39n x9f619 x1ypdohk xt0psk2 xe8uvvx xdj266r x11i5rnm xat24cr x1mh8g0r xexx8yu x4uap5 x18d9i69 xkhd6sd x16tdsg8 x1hl2dhg xggy1nq x1a2a7pz xt0b8zv xzsf02u x1s688f\" tabindex=\"0\" role=\"link\" href=\"https:\/\/www.facebook.com\/hashtag\/fmtiempo?__eep__=6&amp;__cft__[0]=AZVDpO8zQmc_-LwBLdpk6F1n47kMRXlWbT1Vla2PpKuHspuHBhn2H9zVOAwM6guORHjdBX4QQGC6BZR9w_NhVV-M38L7eSTfrQyEpUsaPopJNoLMHXAG55YepvrpVhGy8n8BLBohV5Zq2q4bjFFLz0vYPPcKH-hYNM-cYKncQTAu07y-7DoYtW590idQiTjkPBud_J_Qt_7HN_OpL1HSFa8N&amp;__tn__=*NK*F\">#FmTiempo<\/a>\u00a0Gabriel Fontanari, director de Defensa Civil, acerca de las lluvias dadas desde el fin de semana hasta este lunes por la noche.<br class=\"html-br\" \/><br class=\"html-br\" \/>\u00abEl domingo estaba en alerta amarilla que se hab\u00eda emitido y a las 7 de la ma\u00f1ana de ayer ceso el alerta porque la tormenta giro al oeste de la Provincia\u00bb.<br class=\"html-br\" \/><br class=\"html-br\" \/>\u00abAnoche cerca de las 22 horas se emitieron avisos a corto plazo por tormentas fuertes. S\u00f3lo en Capit\u00e1n Sarmiento hubo una pedrada pero no nos afect\u00f3 a nosotros\u00bb.<br class=\"html-br\" \/><br class=\"html-br\" \/>\u00abAhora el r\u00edo seguramente repunt\u00f3 porque hab\u00eda un alerta de crecida pero cuando el r\u00edo baja de 1.80 no representa ning\u00fan tipo de problemas\u00bb.<\/p>\n<p>Tiemponoticias.com.ar<\/p>\n<p>Www.tiemponoticias.com.ar<\/p>\n<p>Noticias Baradero<\/p>\n","protected":false},"excerpt":{"rendered":"<p>Lo dijo por #FmTiempo\u00a0Gabriel Fontanari, director de Defensa Civil, acerca de las lluvias dadas desde el fin de semana hasta este lunes por la noche.\u00abEl domingo estaba en alerta amarilla que se hab\u00eda emitido y a las 7 de la ma\u00f1ana de ayer ceso el alerta porque la tormenta giro al oeste de la Provincia\u00bb.\u00abAnoche [&hellip;]<\/p>\n","protected":false},"author":4,"featured_media":1179,"comment_status":"open","ping_status":"open","sticky":false,"template":"","format":"standard","meta":{"footnotes":""},"categories":[174],"tags":[61],"class_list":["post-1178","post","type-post","status-publish","format-standard","has-post-thumbnail","hentry","category-local","tag-principal"],"amp_enabled":true,"_links":{"self":[{"href":"https:\/\/tiemponoticias.com.ar\/noticias\/wp-json\/wp\/v2\/posts\/1178","targetHints":{"allow":["GET"]}}],"collection":[{"href":"https:\/\/tiemponoticias.com.ar\/noticias\/wp-json\/wp\/v2\/posts"}],"about":[{"href":"https:\/\/tiemponoticias.com.ar\/noticias\/wp-json\/wp\/v2\/types\/post"}],"author":[{"embeddable":true,"href":"https:\/\/tiemponoticias.com.ar\/noticias\/wp-json\/wp\/v2\/users\/4"}],"replies":[{"embeddable":true,"href":"https:\/\/tiemponoticias.com.ar\/noticias\/wp-json\/wp\/v2\/comments?post=1178"}],"version-history":[{"count":1,"href":"https:\/\/tiemponoticias.com.ar\/noticias\/wp-json\/wp\/v2\/posts\/1178\/revisions"}],"predecessor-version":[{"id":1180,"href":"https:\/\/tiemponoticias.com.ar\/noticias\/wp-json\/wp\/v2\/posts\/1178\/revisions\/1180"}],"wp:featuredmedia":[{"embeddable":true,"href":"https:\/\/tiemponoticias.com.ar\/noticias\/wp-json\/wp\/v2\/media\/1179"}],"wp:attachment":[{"href":"https:\/\/tiemponoticias.com.ar\/noticias\/wp-json\/wp\/v2\/media?parent=1178"}],"wp:term":[{"taxonomy":"category","embeddable":true,"href":"https:\/\/tiemponoticias.com.ar\/noticias\/wp-json\/wp\/v2\/categories?post=1178"},{"taxonomy":"post_tag","embeddable":true,"href":"https:\/\/tiemponoticias.com.ar\/noticias\/wp-json\/wp\/v2\/tags?post=1178"}],"curies":[{"name":"wp","href":"https:\/\/api.w.org\/{rel}","templated":true}]}}