{"id":1173,"date":"2024-04-22T14:45:03","date_gmt":"2024-04-22T14:45:03","guid":{"rendered":"https:\/\/tiemponoticias.com.ar\/noticias\/?p=1173"},"modified":"2024-04-22T14:45:03","modified_gmt":"2024-04-22T14:45:03","slug":"incendio-de-dos-vehiculos-este-fin-de-semana","status":"publish","type":"post","link":"https:\/\/tiemponoticias.com.ar\/noticias\/incendio-de-dos-vehiculos-este-fin-de-semana\/","title":{"rendered":"INCENDIO DE DOS VEH\u00cdCULOS ESTE FIN DE SEMANA"},"content":{"rendered":"<p>Lo expres\u00f3 por #FmTiempo, el oficial de Bomberos, Sebastian Rivadeneria al hacer referencia a las dos intervenciones en las que debieron acudir este \u00faltimo fin de semana.<\/p>\n<p>&nbsp;<\/p>\n<p>\u00abTuvimos dos intervenciones la primera fue el d\u00eda s\u00e1bado 19:55hs donde alarman por incendio de veh\u00edculo en calle San Mart\u00edn.El veh\u00edculo se encontraba estacionado con capo abierto y los ocupantes se encontraban fuera del veh\u00edculo.\u00bb<\/p>\n<p>&nbsp;<\/p>\n<p>\u00abLo pudieron controlar y sofocar por suerte no paso a mayores.\u00bb<\/p>\n<p>&nbsp;<\/p>\n<p>\u00abUno de los ocupantes fue trasladado por el SAME a ra\u00edz de una crisis emocional por lo sucedido.\u00bb<\/p>\n<p>&nbsp;<\/p>\n<p>\u00abY el segundo fue muy seguido, tambi\u00e9n incendio de veh\u00edculo, calle San Lorenzo,al arribo de la autobomba se encontraba el due\u00f1o con un autom\u00f3vil generalizado por completo.\u00bb<\/p>\n<p><a href=\"https:\/\/tiemponoticias.com.ar\/noticias\/wp-content\/uploads\/2024\/04\/FB_IMG_1713797042562.jpg\"><img loading=\"lazy\" decoding=\"async\" class=\"alignnone size-medium wp-image-1174\" src=\"https:\/\/tiemponoticias.com.ar\/noticias\/wp-content\/uploads\/2024\/04\/FB_IMG_1713797042562-225x300.jpg\" alt=\"\" width=\"225\" height=\"300\" srcset=\"https:\/\/tiemponoticias.com.ar\/noticias\/wp-content\/uploads\/2024\/04\/FB_IMG_1713797042562-225x300.jpg 225w, https:\/\/tiemponoticias.com.ar\/noticias\/wp-content\/uploads\/2024\/04\/FB_IMG_1713797042562.jpg 720w\" sizes=\"auto, (max-width: 225px) 100vw, 225px\" \/><\/a> <a href=\"https:\/\/tiemponoticias.com.ar\/noticias\/wp-content\/uploads\/2024\/04\/FB_IMG_1713797044230.jpg\"><img loading=\"lazy\" decoding=\"async\" class=\"alignnone size-medium wp-image-1175\" src=\"https:\/\/tiemponoticias.com.ar\/noticias\/wp-content\/uploads\/2024\/04\/FB_IMG_1713797044230-225x300.jpg\" alt=\"\" width=\"225\" height=\"300\" srcset=\"https:\/\/tiemponoticias.com.ar\/noticias\/wp-content\/uploads\/2024\/04\/FB_IMG_1713797044230-225x300.jpg 225w, https:\/\/tiemponoticias.com.ar\/noticias\/wp-content\/uploads\/2024\/04\/FB_IMG_1713797044230.jpg 720w\" sizes=\"auto, (max-width: 225px) 100vw, 225px\" \/><\/a><\/p>\n<p>Tiemponoticias.com.ar<\/p>\n<p>Www.tiemponoticias.com.ar<\/p>\n<p>Noticias Baradero<\/p>\n","protected":false},"excerpt":{"rendered":"<p>Lo expres\u00f3 por #FmTiempo, el oficial de Bomberos, Sebastian Rivadeneria al hacer referencia a las dos intervenciones en las que debieron acudir este \u00faltimo fin de semana. &nbsp; \u00abTuvimos dos intervenciones la primera fue el d\u00eda s\u00e1bado 19:55hs donde alarman por incendio de veh\u00edculo en calle San Mart\u00edn.El veh\u00edculo se encontraba estacionado con capo abierto [&hellip;]<\/p>\n","protected":false},"author":4,"featured_media":1175,"comment_status":"open","ping_status":"open","sticky":false,"template":"","format":"standard","meta":{"footnotes":""},"categories":[174],"tags":[61],"class_list":["post-1173","post","type-post","status-publish","format-standard","has-post-thumbnail","hentry","category-local","tag-principal"],"amp_enabled":true,"_links":{"self":[{"href":"https:\/\/tiemponoticias.com.ar\/noticias\/wp-json\/wp\/v2\/posts\/1173","targetHints":{"allow":["GET"]}}],"collection":[{"href":"https:\/\/tiemponoticias.com.ar\/noticias\/wp-json\/wp\/v2\/posts"}],"about":[{"href":"https:\/\/tiemponoticias.com.ar\/noticias\/wp-json\/wp\/v2\/types\/post"}],"author":[{"embeddable":true,"href":"https:\/\/tiemponoticias.com.ar\/noticias\/wp-json\/wp\/v2\/users\/4"}],"replies":[{"embeddable":true,"href":"https:\/\/tiemponoticias.com.ar\/noticias\/wp-json\/wp\/v2\/comments?post=1173"}],"version-history":[{"count":1,"href":"https:\/\/tiemponoticias.com.ar\/noticias\/wp-json\/wp\/v2\/posts\/1173\/revisions"}],"predecessor-version":[{"id":1176,"href":"https:\/\/tiemponoticias.com.ar\/noticias\/wp-json\/wp\/v2\/posts\/1173\/revisions\/1176"}],"wp:featuredmedia":[{"embeddable":true,"href":"https:\/\/tiemponoticias.com.ar\/noticias\/wp-json\/wp\/v2\/media\/1175"}],"wp:attachment":[{"href":"https:\/\/tiemponoticias.com.ar\/noticias\/wp-json\/wp\/v2\/media?parent=1173"}],"wp:term":[{"taxonomy":"category","embeddable":true,"href":"https:\/\/tiemponoticias.com.ar\/noticias\/wp-json\/wp\/v2\/categories?post=1173"},{"taxonomy":"post_tag","embeddable":true,"href":"https:\/\/tiemponoticias.com.ar\/noticias\/wp-json\/wp\/v2\/tags?post=1173"}],"curies":[{"name":"wp","href":"https:\/\/api.w.org\/{rel}","templated":true}]}}