{"id":1167,"date":"2024-04-22T13:43:24","date_gmt":"2024-04-22T13:43:24","guid":{"rendered":"https:\/\/tiemponoticias.com.ar\/noticias\/?p=1167"},"modified":"2024-04-22T13:43:24","modified_gmt":"2024-04-22T13:43:24","slug":"se-encuentra-compensada","status":"publish","type":"post","link":"https:\/\/tiemponoticias.com.ar\/noticias\/se-encuentra-compensada\/","title":{"rendered":"\u201cSE ENCUENTRA COMPENSADA\u201d"},"content":{"rendered":"<p>Lo se\u00f1al\u00f3 por #FmTiempo, el director m\u00e9dico del Hospital, Carlos Baliela, sobre el accidente ocurrido en Ameghino y Godoy Cruz entre una camioneta y una moto.<\/p>\n<p>&nbsp;<\/p>\n<p>Producto del impacto, la conductora del rodado menor debi\u00f3 ser trasladada al nosocomio local con fracturas en sus miembros inferiores.<\/p>\n<p>&nbsp;<\/p>\n<p>\u201cIngres\u00f3 alrededor de las 5 de la tarde, fractura en una de sus piernas, ingres\u00f3 a cirug\u00eda y a ra\u00edz de esto se encuentra en sala general pero la paciente se encuentran compensada\u201d, inform\u00f3 Baliela.<\/p>\n<p>Tiemponoticias.com.ar<\/p>\n<p>Www.tiemponoticias.com.ar<\/p>\n<p>Noticias Baradero<\/p>\n","protected":false},"excerpt":{"rendered":"<p>Lo se\u00f1al\u00f3 por #FmTiempo, el director m\u00e9dico del Hospital, Carlos Baliela, sobre el accidente ocurrido en Ameghino y Godoy Cruz entre una camioneta y una moto. &nbsp; Producto del impacto, la conductora del rodado menor debi\u00f3 ser trasladada al nosocomio local con fracturas en sus miembros inferiores. &nbsp; \u201cIngres\u00f3 alrededor de las 5 de la [&hellip;]<\/p>\n","protected":false},"author":4,"featured_media":1168,"comment_status":"open","ping_status":"open","sticky":false,"template":"","format":"standard","meta":{"footnotes":""},"categories":[174],"tags":[61],"class_list":["post-1167","post","type-post","status-publish","format-standard","has-post-thumbnail","hentry","category-local","tag-principal"],"amp_enabled":true,"_links":{"self":[{"href":"https:\/\/tiemponoticias.com.ar\/noticias\/wp-json\/wp\/v2\/posts\/1167","targetHints":{"allow":["GET"]}}],"collection":[{"href":"https:\/\/tiemponoticias.com.ar\/noticias\/wp-json\/wp\/v2\/posts"}],"about":[{"href":"https:\/\/tiemponoticias.com.ar\/noticias\/wp-json\/wp\/v2\/types\/post"}],"author":[{"embeddable":true,"href":"https:\/\/tiemponoticias.com.ar\/noticias\/wp-json\/wp\/v2\/users\/4"}],"replies":[{"embeddable":true,"href":"https:\/\/tiemponoticias.com.ar\/noticias\/wp-json\/wp\/v2\/comments?post=1167"}],"version-history":[{"count":1,"href":"https:\/\/tiemponoticias.com.ar\/noticias\/wp-json\/wp\/v2\/posts\/1167\/revisions"}],"predecessor-version":[{"id":1169,"href":"https:\/\/tiemponoticias.com.ar\/noticias\/wp-json\/wp\/v2\/posts\/1167\/revisions\/1169"}],"wp:featuredmedia":[{"embeddable":true,"href":"https:\/\/tiemponoticias.com.ar\/noticias\/wp-json\/wp\/v2\/media\/1168"}],"wp:attachment":[{"href":"https:\/\/tiemponoticias.com.ar\/noticias\/wp-json\/wp\/v2\/media?parent=1167"}],"wp:term":[{"taxonomy":"category","embeddable":true,"href":"https:\/\/tiemponoticias.com.ar\/noticias\/wp-json\/wp\/v2\/categories?post=1167"},{"taxonomy":"post_tag","embeddable":true,"href":"https:\/\/tiemponoticias.com.ar\/noticias\/wp-json\/wp\/v2\/tags?post=1167"}],"curies":[{"name":"wp","href":"https:\/\/api.w.org\/{rel}","templated":true}]}}