{"id":1164,"date":"2024-04-22T13:42:08","date_gmt":"2024-04-22T13:42:08","guid":{"rendered":"https:\/\/tiemponoticias.com.ar\/noticias\/?p=1164"},"modified":"2024-04-22T13:42:08","modified_gmt":"2024-04-22T13:42:08","slug":"sera-evaluado-por-el-servicio-de-clinica-medica-y-de-salud-mental","status":"publish","type":"post","link":"https:\/\/tiemponoticias.com.ar\/noticias\/sera-evaluado-por-el-servicio-de-clinica-medica-y-de-salud-mental\/","title":{"rendered":"\u201cSER\u00c1 EVALUADO POR EL SERVICIO DE CL\u00cdNICA M\u00c9DICA Y DE SALUD MENTAL\u201d"},"content":{"rendered":"<p>Lo expres\u00f3 por #FmTiempo, el director m\u00e9dico del Hospital, Carlos Baliela, a ra\u00edz del ingreso de Alejandro Emmanuel Mussing, el acusado de asesinar a su pareja de21 a\u00f1os el \u00faltimo s\u00e1bado a la noche en un complejo de caba\u00f1as de Colonia Suiza. Hab\u00eda sido encontrado con cortes en distintas partes de su cuerpo luego de cometer el crimen.<\/p>\n<p>&nbsp;<\/p>\n<p>\u201cUna persona de 35 a\u00f1os aproximadamente con lesiones superficiales que ameritaban un cuadro de internaci\u00f3n para evaluaci\u00f3n del servicio de cl\u00ednica m\u00e9dica y salud mental, se encuentra internado en el Hospital y bajo custodia policial\u201d.<\/p>\n<p>&nbsp;<\/p>\n<p>\u201cTiene heridas superficiales en diferentes partes del cuerpo y su situaci\u00f3n amerita que el equipo de salud mental lo pueda evaluar\u201d.<\/p>\n<p>&nbsp;<\/p>\n<p>\u201cEst\u00e1 en una sala aislada, en una habitaci\u00f3n solo con una custodia policial permanente\u201d.<\/p>\n<p>Tiemponoticias.com.ar<\/p>\n<p>Www.tiemponoticias.com.ar<\/p>\n<p>Noticias Baradero<\/p>\n","protected":false},"excerpt":{"rendered":"<p>Lo expres\u00f3 por #FmTiempo, el director m\u00e9dico del Hospital, Carlos Baliela, a ra\u00edz del ingreso de Alejandro Emmanuel Mussing, el acusado de asesinar a su pareja de21 a\u00f1os el \u00faltimo s\u00e1bado a la noche en un complejo de caba\u00f1as de Colonia Suiza. Hab\u00eda sido encontrado con cortes en distintas partes de su cuerpo luego de [&hellip;]<\/p>\n","protected":false},"author":4,"featured_media":1165,"comment_status":"open","ping_status":"open","sticky":false,"template":"","format":"standard","meta":{"footnotes":""},"categories":[174],"tags":[61],"class_list":["post-1164","post","type-post","status-publish","format-standard","has-post-thumbnail","hentry","category-local","tag-principal"],"amp_enabled":true,"_links":{"self":[{"href":"https:\/\/tiemponoticias.com.ar\/noticias\/wp-json\/wp\/v2\/posts\/1164","targetHints":{"allow":["GET"]}}],"collection":[{"href":"https:\/\/tiemponoticias.com.ar\/noticias\/wp-json\/wp\/v2\/posts"}],"about":[{"href":"https:\/\/tiemponoticias.com.ar\/noticias\/wp-json\/wp\/v2\/types\/post"}],"author":[{"embeddable":true,"href":"https:\/\/tiemponoticias.com.ar\/noticias\/wp-json\/wp\/v2\/users\/4"}],"replies":[{"embeddable":true,"href":"https:\/\/tiemponoticias.com.ar\/noticias\/wp-json\/wp\/v2\/comments?post=1164"}],"version-history":[{"count":1,"href":"https:\/\/tiemponoticias.com.ar\/noticias\/wp-json\/wp\/v2\/posts\/1164\/revisions"}],"predecessor-version":[{"id":1166,"href":"https:\/\/tiemponoticias.com.ar\/noticias\/wp-json\/wp\/v2\/posts\/1164\/revisions\/1166"}],"wp:featuredmedia":[{"embeddable":true,"href":"https:\/\/tiemponoticias.com.ar\/noticias\/wp-json\/wp\/v2\/media\/1165"}],"wp:attachment":[{"href":"https:\/\/tiemponoticias.com.ar\/noticias\/wp-json\/wp\/v2\/media?parent=1164"}],"wp:term":[{"taxonomy":"category","embeddable":true,"href":"https:\/\/tiemponoticias.com.ar\/noticias\/wp-json\/wp\/v2\/categories?post=1164"},{"taxonomy":"post_tag","embeddable":true,"href":"https:\/\/tiemponoticias.com.ar\/noticias\/wp-json\/wp\/v2\/tags?post=1164"}],"curies":[{"name":"wp","href":"https:\/\/api.w.org\/{rel}","templated":true}]}}