{"id":1156,"date":"2024-04-19T15:57:27","date_gmt":"2024-04-19T15:57:27","guid":{"rendered":"https:\/\/tiemponoticias.com.ar\/noticias\/?p=1156"},"modified":"2024-04-19T15:57:27","modified_gmt":"2024-04-19T15:57:27","slug":"no-estamos-en-condiciones-para-recibir-un-nene-con-esta-patologia-todos-queremos-que-este-bien-sobre-todo-estabilizado","status":"publish","type":"post","link":"https:\/\/tiemponoticias.com.ar\/noticias\/no-estamos-en-condiciones-para-recibir-un-nene-con-esta-patologia-todos-queremos-que-este-bien-sobre-todo-estabilizado\/","title":{"rendered":"\u00abNO ESTAMOS EN CONDICIONES PARA RECIBIR UN NENE CON ESTA PATOLOG\u00cdA, TODOS QUEREMOS QUE EST\u00c9 BIEN, SOBRE TODO ESTABILIZADO\u00bb"},"content":{"rendered":"<p>Fueron las palabras de la directora del Hogar del Ni\u00f1o Juan XXIII, Marianela Puchi a trav\u00e9s de <a class=\"x1i10hfl xjbqb8w x1ejq31n xd10rxx x1sy0etr x17r0tee x972fbf xcfux6l x1qhh985 xm0m39n x9f619 x1ypdohk xt0psk2 xe8uvvx xdj266r x11i5rnm xat24cr x1mh8g0r xexx8yu x4uap5 x18d9i69 xkhd6sd x16tdsg8 x1hl2dhg xggy1nq x1a2a7pz xt0b8zv xzsf02u x1s688f\" tabindex=\"0\" role=\"link\" href=\"https:\/\/www.facebook.com\/hashtag\/fmtiempo?__eep__=6&amp;__cft__[0]=AZXzbADKGyX_C5MGodHEBhTvz1Ff9y4tZTlQd2qnYC8MehaaFqBMmLFwCPACJanL1VEljLwkzJ8dpFad-6PwMqyMu7Pe0fCU3jARPk_TgF-Ptxl5RuO7qqPS1cfESg35X3TkBskG0K_xK1MN_jAlMaw01a5boBlbJaDgO2Rs_ZnnH5P5sDXXq2EN9LgBUw0sF1U2zXJh6JLNsSbHcuiUl-ga&amp;__tn__=*NK*F\">#FmTiempo<\/a> sobre el caso del interno de APAND que hab\u00eda ingresado a la Instituci\u00f3n Municipal en contra de las recomendaciones de los profesionales.<br class=\"html-br\" \/><br class=\"html-br\" \/>La funcionaria habl\u00f3 en el programa \u201cQuien Quiera O\u00edr Que Oiga\u201d y se expres\u00f3 en contundentes t\u00e9rminos sobre el mencionado caso.<br class=\"html-br\" \/><br class=\"html-br\" \/>\u00abNo estamos en condiciones para recibir un nene con esa patolog\u00eda, todos queremos que est\u00e9 bien, sobre todo estabilizado, pero cuando ingrese la gente de regi\u00f3n sanitaria cuarta no hizo una evaluaci\u00f3n apropiada para unirse viviendo en un establecimiento con vivencial\u00bb.<br class=\"html-br\" \/><br class=\"html-br\" \/>\u00abEl nene, para estar viviendo en un ambiente con chicos con otro tipo de patolog\u00edas tiene que ser evaluado como corresponde\u00bb.<br class=\"html-br\" \/><br class=\"html-br\" \/>\u00abNadie hizo una evaluaci\u00f3n m\u00e9dica, regi\u00f3n sanitaria cuarta, que no s\u00e9, hay una persona que coordina, que est\u00e1 ac\u00e1 en Baradero. Determin\u00f3 que estaba apto para irse a un confidencial cuando no estaba apto para ir a un confidencial, tiene conductas muy destructivas hacia \u00e9l y hacia otro\u00bb.<br class=\"html-br\" \/><br class=\"html-br\" \/>\u00abLo trajeron sin medicaci\u00f3n, totalmente desestabilizado. Ellos se van a su casa y somos nosotros desde que todos los d\u00edas yo digo, hablo yo, pero est\u00e1 todo el personal. Las acompa\u00f1an todo el d\u00eda poniendo en el cuerpo. Me parece que es dif\u00edcil. No dejamos de cuidar a los otros nenes para cuidarlo a \u00e9l, para proteger. Nadie se fij\u00f3 en eso y despu\u00e9s todos se van y quedamos nosotras nadie viene despu\u00e9s se lo dejaron y ya est\u00e1, es cierto que entr\u00f3 desestabilizado y se agudiz\u00f3 m\u00e1s su desestabilizaci\u00f3n, digamos porque ya entr\u00f3 como muy desestabilizado y se agrav\u00f3 la situaci\u00f3n en este \u00faltimo tiempo\u00bb.<\/p>\n<p>Tiemponoticias.com.ar<\/p>\n<p>Www.tiemponoticias.com.ar<\/p>\n<p>Noticias Baradero<\/p>\n","protected":false},"excerpt":{"rendered":"<p>Fueron las palabras de la directora del Hogar del Ni\u00f1o Juan XXIII, Marianela Puchi a trav\u00e9s de #FmTiempo sobre el caso del interno de APAND que hab\u00eda ingresado a la Instituci\u00f3n Municipal en contra de las recomendaciones de los profesionales.La funcionaria habl\u00f3 en el programa \u201cQuien Quiera O\u00edr Que Oiga\u201d y se expres\u00f3 en contundentes [&hellip;]<\/p>\n","protected":false},"author":4,"featured_media":1157,"comment_status":"open","ping_status":"open","sticky":false,"template":"","format":"standard","meta":{"footnotes":""},"categories":[174],"tags":[61],"class_list":["post-1156","post","type-post","status-publish","format-standard","has-post-thumbnail","hentry","category-local","tag-principal"],"amp_enabled":true,"_links":{"self":[{"href":"https:\/\/tiemponoticias.com.ar\/noticias\/wp-json\/wp\/v2\/posts\/1156","targetHints":{"allow":["GET"]}}],"collection":[{"href":"https:\/\/tiemponoticias.com.ar\/noticias\/wp-json\/wp\/v2\/posts"}],"about":[{"href":"https:\/\/tiemponoticias.com.ar\/noticias\/wp-json\/wp\/v2\/types\/post"}],"author":[{"embeddable":true,"href":"https:\/\/tiemponoticias.com.ar\/noticias\/wp-json\/wp\/v2\/users\/4"}],"replies":[{"embeddable":true,"href":"https:\/\/tiemponoticias.com.ar\/noticias\/wp-json\/wp\/v2\/comments?post=1156"}],"version-history":[{"count":1,"href":"https:\/\/tiemponoticias.com.ar\/noticias\/wp-json\/wp\/v2\/posts\/1156\/revisions"}],"predecessor-version":[{"id":1158,"href":"https:\/\/tiemponoticias.com.ar\/noticias\/wp-json\/wp\/v2\/posts\/1156\/revisions\/1158"}],"wp:featuredmedia":[{"embeddable":true,"href":"https:\/\/tiemponoticias.com.ar\/noticias\/wp-json\/wp\/v2\/media\/1157"}],"wp:attachment":[{"href":"https:\/\/tiemponoticias.com.ar\/noticias\/wp-json\/wp\/v2\/media?parent=1156"}],"wp:term":[{"taxonomy":"category","embeddable":true,"href":"https:\/\/tiemponoticias.com.ar\/noticias\/wp-json\/wp\/v2\/categories?post=1156"},{"taxonomy":"post_tag","embeddable":true,"href":"https:\/\/tiemponoticias.com.ar\/noticias\/wp-json\/wp\/v2\/tags?post=1156"}],"curies":[{"name":"wp","href":"https:\/\/api.w.org\/{rel}","templated":true}]}}