{"id":1150,"date":"2024-04-19T15:53:55","date_gmt":"2024-04-19T15:53:55","guid":{"rendered":"https:\/\/tiemponoticias.com.ar\/noticias\/?p=1150"},"modified":"2024-04-19T15:53:55","modified_gmt":"2024-04-19T15:53:55","slug":"nosotros-siempre-estamos-llevado-a-cabo-este-tipo-de-operativos","status":"publish","type":"post","link":"https:\/\/tiemponoticias.com.ar\/noticias\/nosotros-siempre-estamos-llevado-a-cabo-este-tipo-de-operativos\/","title":{"rendered":"\u00abNOSOTROS SIEMPRE ESTAMOS LLEVADO A CABO ESTE TIPO DE OPERATIVOS\u00bb"},"content":{"rendered":"<p>Lo dijo por <a class=\"x1i10hfl xjbqb8w x1ejq31n xd10rxx x1sy0etr x17r0tee x972fbf xcfux6l x1qhh985 xm0m39n x9f619 x1ypdohk xt0psk2 xe8uvvx xdj266r x11i5rnm xat24cr x1mh8g0r xexx8yu x4uap5 x18d9i69 xkhd6sd x16tdsg8 x1hl2dhg xggy1nq x1a2a7pz xt0b8zv xzsf02u x1s688f\" tabindex=\"0\" role=\"link\" href=\"https:\/\/www.facebook.com\/hashtag\/fmtiempo?__eep__=6&amp;__tn__=*NK*F\">#FmTiempo<\/a> el secretario de Producci\u00f3n, Damian Mori, que cont\u00f3 detalles del decomiso de mercader\u00eda en supermercado ubicado en O\u2019 Roarque y Saenz Pe\u00f1a. Adem\u00e1s, expres\u00f3 que viene realizando diferentes operativos de esta \u00edndole.<br class=\"html-br\" \/><br class=\"html-br\" \/>\u00abDentro del \u00e1rea estamos con este tema, concurre los inspectores con el \u00e1rea de seguridad de higiene, se recorren todas las g\u00f3ndolas, se mira la fecha de vencimiento y se separa lo que no puede estar a la venta.\u00bb<br class=\"html-br\" \/><br class=\"html-br\" \/>\u00abLo de ayer eran art\u00edculos de limpieza, seg\u00fan la Ley no se debe vender mercader\u00edas vencida. Dentro del \u00e1rea tambi\u00e9n se verifica el cami\u00f3n ,como viene sellada la mercader\u00eda y en qu\u00e9 estado est\u00e1.\u00bb<\/p>\n<p>Tiemponoticias.com.ar<\/p>\n<p>Www.tiemponoticias.com.ar<\/p>\n<p>Noticias Baradero<\/p>\n","protected":false},"excerpt":{"rendered":"<p>Lo dijo por #FmTiempo el secretario de Producci\u00f3n, Damian Mori, que cont\u00f3 detalles del decomiso de mercader\u00eda en supermercado ubicado en O\u2019 Roarque y Saenz Pe\u00f1a. Adem\u00e1s, expres\u00f3 que viene realizando diferentes operativos de esta \u00edndole.\u00abDentro del \u00e1rea estamos con este tema, concurre los inspectores con el \u00e1rea de seguridad de higiene, se recorren todas [&hellip;]<\/p>\n","protected":false},"author":4,"featured_media":1151,"comment_status":"open","ping_status":"open","sticky":false,"template":"","format":"standard","meta":{"footnotes":""},"categories":[174],"tags":[61],"class_list":["post-1150","post","type-post","status-publish","format-standard","has-post-thumbnail","hentry","category-local","tag-principal"],"amp_enabled":true,"_links":{"self":[{"href":"https:\/\/tiemponoticias.com.ar\/noticias\/wp-json\/wp\/v2\/posts\/1150","targetHints":{"allow":["GET"]}}],"collection":[{"href":"https:\/\/tiemponoticias.com.ar\/noticias\/wp-json\/wp\/v2\/posts"}],"about":[{"href":"https:\/\/tiemponoticias.com.ar\/noticias\/wp-json\/wp\/v2\/types\/post"}],"author":[{"embeddable":true,"href":"https:\/\/tiemponoticias.com.ar\/noticias\/wp-json\/wp\/v2\/users\/4"}],"replies":[{"embeddable":true,"href":"https:\/\/tiemponoticias.com.ar\/noticias\/wp-json\/wp\/v2\/comments?post=1150"}],"version-history":[{"count":1,"href":"https:\/\/tiemponoticias.com.ar\/noticias\/wp-json\/wp\/v2\/posts\/1150\/revisions"}],"predecessor-version":[{"id":1152,"href":"https:\/\/tiemponoticias.com.ar\/noticias\/wp-json\/wp\/v2\/posts\/1150\/revisions\/1152"}],"wp:featuredmedia":[{"embeddable":true,"href":"https:\/\/tiemponoticias.com.ar\/noticias\/wp-json\/wp\/v2\/media\/1151"}],"wp:attachment":[{"href":"https:\/\/tiemponoticias.com.ar\/noticias\/wp-json\/wp\/v2\/media?parent=1150"}],"wp:term":[{"taxonomy":"category","embeddable":true,"href":"https:\/\/tiemponoticias.com.ar\/noticias\/wp-json\/wp\/v2\/categories?post=1150"},{"taxonomy":"post_tag","embeddable":true,"href":"https:\/\/tiemponoticias.com.ar\/noticias\/wp-json\/wp\/v2\/tags?post=1150"}],"curies":[{"name":"wp","href":"https:\/\/api.w.org\/{rel}","templated":true}]}}