{"id":1142,"date":"2024-04-19T15:50:29","date_gmt":"2024-04-19T15:50:29","guid":{"rendered":"https:\/\/tiemponoticias.com.ar\/noticias\/?p=1142"},"modified":"2024-04-19T15:50:29","modified_gmt":"2024-04-19T15:50:29","slug":"sabemos-que-no-va-a-ser-facil-venimos-de-muchos-anos-sin-el-cumplimiento-de-esta-ley-nos-encontramos-con-la-sorpresa-que-la-gente-esta-cumpliendo-bastante","status":"publish","type":"post","link":"https:\/\/tiemponoticias.com.ar\/noticias\/sabemos-que-no-va-a-ser-facil-venimos-de-muchos-anos-sin-el-cumplimiento-de-esta-ley-nos-encontramos-con-la-sorpresa-que-la-gente-esta-cumpliendo-bastante\/","title":{"rendered":"\u201cSABEMOS QUE NO VA A SER F\u00c1CIL, VENIMOS DE MUCHOS A\u00d1OS SIN EL CUMPLIMIENTO DE ESTA LEY; NOS ENCONTRAMOS CON LA SORPRESA QUE LA GENTE EST\u00c1 CUMPLIENDO BASTANTE\u201d"},"content":{"rendered":"<div class=\"xdj266r x11i5rnm xat24cr x1mh8g0r x1vvkbs x126k92a\">\n<div dir=\"auto\">Lo se\u00f1al\u00f3 por <a class=\"x1i10hfl xjbqb8w x1ejq31n xd10rxx x1sy0etr x17r0tee x972fbf xcfux6l x1qhh985 xm0m39n x9f619 x1ypdohk xt0psk2 xe8uvvx xdj266r x11i5rnm xat24cr x1mh8g0r xexx8yu x4uap5 x18d9i69 xkhd6sd x16tdsg8 x1hl2dhg xggy1nq x1a2a7pz xt0b8zv x1fey0fg xo1l8bm\" tabindex=\"0\" role=\"link\" href=\"https:\/\/www.facebook.com\/hashtag\/fmtiempo?__eep__=6&amp;__cft__[0]=AZXZdg0XFrCNdNEdvMtJexj2k8oeIfFwgfoce2hLW3KJiRJtLTZQ6BChL5Obqp_8DhSJtJN0kee4WbJwXgMpPq_zwpHViiAfPVS_Gy5WDLNlEE7V6dWUn91CKlcOfcmQ66VPByQ6_VU58iGQdqRQoCLQWx8WfXmyiIG3FEj2c9QQ_QPWqD5ceT6cB2bVz7PKWF3sb6VeVvsiG0fz7ZipjEb8&amp;__tn__=*NK-R\">#FmTiempo<\/a>, el subsecretario de seguridad, Antonio Moroco Laserna acerca de la implementaci\u00f3n de la obligatoriedad en el uso del casco al momento de cargar combustible en las estaciones de servicio.<\/div>\n<\/div>\n<div class=\"x11i5rnm xat24cr x1mh8g0r x1vvkbs xtlvy1s x126k92a\">\n<div dir=\"auto\"><\/div>\n<div dir=\"auto\">\u201cNos encontramos con la sorpresa que la gente est\u00e1 cumpliendo bastante, las estaciones de servicio est\u00e1n colaborando much\u00edsimo\u201d.<\/div>\n<\/div>\n<div class=\"x11i5rnm xat24cr x1mh8g0r x1vvkbs xtlvy1s x126k92a\">\n<div dir=\"auto\"><\/div>\n<div dir=\"auto\">\u201cSabemos que no va a ser f\u00e1cil, venimos de muchos a\u00f1os sin el cumplimiento de esta ley, volver a hacer esa recorrida que nos permita tomar conciencia del uso del casco, va a costar\u201d.<\/div>\n<\/div>\n<div class=\"x11i5rnm xat24cr x1mh8g0r x1vvkbs xtlvy1s x126k92a\">\n<div dir=\"auto\"><\/div>\n<div dir=\"auto\">\u201cNo es una cuesti\u00f3n de multa, es por el tr\u00e1nsito de la ciudad y cuidarle la salud a la gente\u201d.<\/div>\n<\/div>\n<div class=\"x11i5rnm xat24cr x1mh8g0r x1vvkbs xtlvy1s x126k92a\">\n<div dir=\"auto\"><\/div>\n<div dir=\"auto\">\u201cHemos visto a algunas personas que cargan con bidones, pero entendemos que si lo hacemos sostenido en el tiempo, va a ser m\u00e1s f\u00e1cil cargar con casco y sin bidones\u201d.<\/div>\n<\/div>\n<div dir=\"auto\"><\/div>\n<div dir=\"auto\"><a href=\"https:\/\/tiemponoticias.com.ar\/noticias\/wp-content\/uploads\/2024\/04\/439343980_956876813109609_8345618179564910549_n.jpg\"><img loading=\"lazy\" decoding=\"async\" class=\"alignnone size-medium wp-image-1143\" src=\"https:\/\/tiemponoticias.com.ar\/noticias\/wp-content\/uploads\/2024\/04\/439343980_956876813109609_8345618179564910549_n-300x201.jpg\" alt=\"\" width=\"300\" height=\"201\" srcset=\"https:\/\/tiemponoticias.com.ar\/noticias\/wp-content\/uploads\/2024\/04\/439343980_956876813109609_8345618179564910549_n-300x201.jpg 300w, https:\/\/tiemponoticias.com.ar\/noticias\/wp-content\/uploads\/2024\/04\/439343980_956876813109609_8345618179564910549_n.jpg 720w\" sizes=\"auto, (max-width: 300px) 100vw, 300px\" \/><\/a> <a href=\"https:\/\/tiemponoticias.com.ar\/noticias\/wp-content\/uploads\/2024\/04\/439318539_956876743109616_5296272744187497564_n.jpg\"><img loading=\"lazy\" decoding=\"async\" class=\"alignnone size-medium wp-image-1144\" src=\"https:\/\/tiemponoticias.com.ar\/noticias\/wp-content\/uploads\/2024\/04\/439318539_956876743109616_5296272744187497564_n-300x201.jpg\" alt=\"\" width=\"300\" height=\"201\" srcset=\"https:\/\/tiemponoticias.com.ar\/noticias\/wp-content\/uploads\/2024\/04\/439318539_956876743109616_5296272744187497564_n-300x201.jpg 300w, https:\/\/tiemponoticias.com.ar\/noticias\/wp-content\/uploads\/2024\/04\/439318539_956876743109616_5296272744187497564_n.jpg 720w\" sizes=\"auto, (max-width: 300px) 100vw, 300px\" \/><\/a> <a href=\"https:\/\/tiemponoticias.com.ar\/noticias\/wp-content\/uploads\/2024\/04\/439343835_956876593109631_2927110453185800477_n.jpg\"><img loading=\"lazy\" decoding=\"async\" class=\"alignnone size-medium wp-image-1145\" src=\"https:\/\/tiemponoticias.com.ar\/noticias\/wp-content\/uploads\/2024\/04\/439343835_956876593109631_2927110453185800477_n-300x201.jpg\" alt=\"\" width=\"300\" height=\"201\" srcset=\"https:\/\/tiemponoticias.com.ar\/noticias\/wp-content\/uploads\/2024\/04\/439343835_956876593109631_2927110453185800477_n-300x201.jpg 300w, https:\/\/tiemponoticias.com.ar\/noticias\/wp-content\/uploads\/2024\/04\/439343835_956876593109631_2927110453185800477_n.jpg 720w\" sizes=\"auto, (max-width: 300px) 100vw, 300px\" \/><\/a><\/div>\n<div dir=\"auto\"><\/div>\n<div dir=\"auto\">Tiemponoticias.com.ar<\/div>\n<div dir=\"auto\"><\/div>\n<div dir=\"auto\">Www.tiemponoticias.com.ar<\/div>\n<div dir=\"auto\"><\/div>\n<div dir=\"auto\">Noticias Baradero<\/div>\n","protected":false},"excerpt":{"rendered":"<p>Lo se\u00f1al\u00f3 por #FmTiempo, el subsecretario de seguridad, Antonio Moroco Laserna acerca de la implementaci\u00f3n de la obligatoriedad en el uso del casco al momento de cargar combustible en las estaciones de servicio. \u201cNos encontramos con la sorpresa que la gente est\u00e1 cumpliendo bastante, las estaciones de servicio est\u00e1n colaborando much\u00edsimo\u201d. \u201cSabemos que no va [&hellip;]<\/p>\n","protected":false},"author":4,"featured_media":1145,"comment_status":"open","ping_status":"open","sticky":false,"template":"","format":"standard","meta":{"footnotes":""},"categories":[174,6],"tags":[61],"class_list":["post-1142","post","type-post","status-publish","format-standard","has-post-thumbnail","hentry","category-local","category-politica","tag-principal"],"amp_enabled":true,"_links":{"self":[{"href":"https:\/\/tiemponoticias.com.ar\/noticias\/wp-json\/wp\/v2\/posts\/1142","targetHints":{"allow":["GET"]}}],"collection":[{"href":"https:\/\/tiemponoticias.com.ar\/noticias\/wp-json\/wp\/v2\/posts"}],"about":[{"href":"https:\/\/tiemponoticias.com.ar\/noticias\/wp-json\/wp\/v2\/types\/post"}],"author":[{"embeddable":true,"href":"https:\/\/tiemponoticias.com.ar\/noticias\/wp-json\/wp\/v2\/users\/4"}],"replies":[{"embeddable":true,"href":"https:\/\/tiemponoticias.com.ar\/noticias\/wp-json\/wp\/v2\/comments?post=1142"}],"version-history":[{"count":1,"href":"https:\/\/tiemponoticias.com.ar\/noticias\/wp-json\/wp\/v2\/posts\/1142\/revisions"}],"predecessor-version":[{"id":1146,"href":"https:\/\/tiemponoticias.com.ar\/noticias\/wp-json\/wp\/v2\/posts\/1142\/revisions\/1146"}],"wp:featuredmedia":[{"embeddable":true,"href":"https:\/\/tiemponoticias.com.ar\/noticias\/wp-json\/wp\/v2\/media\/1145"}],"wp:attachment":[{"href":"https:\/\/tiemponoticias.com.ar\/noticias\/wp-json\/wp\/v2\/media?parent=1142"}],"wp:term":[{"taxonomy":"category","embeddable":true,"href":"https:\/\/tiemponoticias.com.ar\/noticias\/wp-json\/wp\/v2\/categories?post=1142"},{"taxonomy":"post_tag","embeddable":true,"href":"https:\/\/tiemponoticias.com.ar\/noticias\/wp-json\/wp\/v2\/tags?post=1142"}],"curies":[{"name":"wp","href":"https:\/\/api.w.org\/{rel}","templated":true}]}}