{"id":1137,"date":"2024-04-19T15:46:05","date_gmt":"2024-04-19T15:46:05","guid":{"rendered":"https:\/\/tiemponoticias.com.ar\/noticias\/?p=1137"},"modified":"2024-04-19T15:46:05","modified_gmt":"2024-04-19T15:46:05","slug":"murio-el-bebe-recien-nacido-que-habia-sido-trasladado-a-san-nicolas","status":"publish","type":"post","link":"https:\/\/tiemponoticias.com.ar\/noticias\/murio-el-bebe-recien-nacido-que-habia-sido-trasladado-a-san-nicolas\/","title":{"rendered":"MURI\u00d3 EL BEB\u00c9 RECI\u00c9N NACIDO QUE HAB\u00cdA SIDO TRASLADADO A SAN NICOL\u00c1S"},"content":{"rendered":"<p>La informaci\u00f3n fue confirmada a trav\u00e9s de #FmTiempo por parte del director m\u00e9dico del Hospital, Carlos Baliela.<\/p>\n<p>Cabe se\u00f1alar que la criatura era prematura, hab\u00eda nacido sin signos vitales, fue reanimado y ante su condici\u00f3n fue derivada hacia la vecina localidad.<\/p>\n<p>\u201cLamentablemente el beb\u00e9 falleci\u00f3 tras haber internado en el Hospital de San Nicol\u00e1s donde fue recibido\u201d, inform\u00f3 el funcionario del \u00e1rea de Salud.<\/p>\n<p>Tiemponoticias.com.ar<\/p>\n<p>Www.tiemponoticias.com.ar<\/p>\n<p>Noticias Baradero<\/p>\n","protected":false},"excerpt":{"rendered":"<p>La informaci\u00f3n fue confirmada a trav\u00e9s de #FmTiempo por parte del director m\u00e9dico del Hospital, Carlos Baliela. Cabe se\u00f1alar que la criatura era prematura, hab\u00eda nacido sin signos vitales, fue reanimado y ante su condici\u00f3n fue derivada hacia la vecina localidad. \u201cLamentablemente el beb\u00e9 falleci\u00f3 tras haber internado en el Hospital de San Nicol\u00e1s donde [&hellip;]<\/p>\n","protected":false},"author":4,"featured_media":1138,"comment_status":"open","ping_status":"open","sticky":false,"template":"","format":"standard","meta":{"footnotes":""},"categories":[174],"tags":[61],"class_list":["post-1137","post","type-post","status-publish","format-standard","has-post-thumbnail","hentry","category-local","tag-principal"],"amp_enabled":true,"_links":{"self":[{"href":"https:\/\/tiemponoticias.com.ar\/noticias\/wp-json\/wp\/v2\/posts\/1137","targetHints":{"allow":["GET"]}}],"collection":[{"href":"https:\/\/tiemponoticias.com.ar\/noticias\/wp-json\/wp\/v2\/posts"}],"about":[{"href":"https:\/\/tiemponoticias.com.ar\/noticias\/wp-json\/wp\/v2\/types\/post"}],"author":[{"embeddable":true,"href":"https:\/\/tiemponoticias.com.ar\/noticias\/wp-json\/wp\/v2\/users\/4"}],"replies":[{"embeddable":true,"href":"https:\/\/tiemponoticias.com.ar\/noticias\/wp-json\/wp\/v2\/comments?post=1137"}],"version-history":[{"count":1,"href":"https:\/\/tiemponoticias.com.ar\/noticias\/wp-json\/wp\/v2\/posts\/1137\/revisions"}],"predecessor-version":[{"id":1139,"href":"https:\/\/tiemponoticias.com.ar\/noticias\/wp-json\/wp\/v2\/posts\/1137\/revisions\/1139"}],"wp:featuredmedia":[{"embeddable":true,"href":"https:\/\/tiemponoticias.com.ar\/noticias\/wp-json\/wp\/v2\/media\/1138"}],"wp:attachment":[{"href":"https:\/\/tiemponoticias.com.ar\/noticias\/wp-json\/wp\/v2\/media?parent=1137"}],"wp:term":[{"taxonomy":"category","embeddable":true,"href":"https:\/\/tiemponoticias.com.ar\/noticias\/wp-json\/wp\/v2\/categories?post=1137"},{"taxonomy":"post_tag","embeddable":true,"href":"https:\/\/tiemponoticias.com.ar\/noticias\/wp-json\/wp\/v2\/tags?post=1137"}],"curies":[{"name":"wp","href":"https:\/\/api.w.org\/{rel}","templated":true}]}}