{"id":1134,"date":"2024-04-19T15:45:00","date_gmt":"2024-04-19T15:45:00","guid":{"rendered":"https:\/\/tiemponoticias.com.ar\/noticias\/?p=1134"},"modified":"2024-04-19T15:45:00","modified_gmt":"2024-04-19T15:45:00","slug":"estuvo-en-observacion-y-despues-se-retiro-a-su-domicilio","status":"publish","type":"post","link":"https:\/\/tiemponoticias.com.ar\/noticias\/estuvo-en-observacion-y-despues-se-retiro-a-su-domicilio\/","title":{"rendered":"\u201cESTUVO EN OBSERVACI\u00d3N Y DESPU\u00c9S SE RETIR\u00d3 A SU DOMICILIO\u201d"},"content":{"rendered":"<p>Lo mencion\u00f3 por <a class=\"x1i10hfl xjbqb8w x1ejq31n xd10rxx x1sy0etr x17r0tee x972fbf xcfux6l x1qhh985 xm0m39n x9f619 x1ypdohk xt0psk2 xe8uvvx xdj266r x11i5rnm xat24cr x1mh8g0r xexx8yu x4uap5 x18d9i69 xkhd6sd x16tdsg8 x1hl2dhg xggy1nq x1a2a7pz xt0b8zv xzsf02u x1s688f\" tabindex=\"0\" role=\"link\" href=\"https:\/\/www.facebook.com\/hashtag\/fmtiempo?__eep__=6&amp;__cft__[0]=AZX3LI6TAi3wdHuxUgqyDpwrESz3d8fqOXy7s_aUtYfT_v4hGvGQO3sIhbfUwlyA0GWz-_W7e3Et6d6bdRrP_0um1EDMfslVGtlz8d6BpoQVAPgb685XFrxgZEcLNCFm_f52MRqBUXOcVYwJaYTgPfHUsQWfDyzIOGdECoehG07V6VuaO91Ez2J7ZG_8TADd1-abBfV-yomxDuV6dqwCExbB&amp;__tn__=*NK*F\">#FmTiempo<\/a>, el director m\u00e9dico del Hospital, Carlos Baliela, al hacer referencia al estado de salud de la joven que fue v\u00edctima del choque en la esquina de Av. San Martin y Colombres donde un Fiat 147 la colisiona y posteriormente se da a la fuga.<br class=\"html-br\" \/><br class=\"html-br\" \/>\u201cEs una mujer de 30 a\u00f1os aproximadamente, se le hicieron los estudios correspondientes, no tenia ning\u00fan tipo de lesiones de gravedad\u201d.<br class=\"html-br\" \/><br class=\"html-br\" \/>\u201cEstuvo en observaci\u00f3n un rato y despu\u00e9s se retir\u00f3 a su domicilio\u201d.<br class=\"html-br\" \/><br class=\"html-br\" \/>\u201cSe le hicieron los estudios correspondientes pero nada de gravedad\u201d.<br class=\"html-br\" \/><br class=\"html-br\" \/>\u201cLamentablemente el beb\u00e9 falleci\u00f3 tras haber internado en el Hospital de San Nicol\u00e1s donde fue recibido\u201d.<\/p>\n<p>Tiemponoticias.com.ar<\/p>\n<p>Www.tiemponoticias.com.ar<\/p>\n<p>Noticias Baradero<\/p>\n","protected":false},"excerpt":{"rendered":"<p>Lo mencion\u00f3 por #FmTiempo, el director m\u00e9dico del Hospital, Carlos Baliela, al hacer referencia al estado de salud de la joven que fue v\u00edctima del choque en la esquina de Av. San Martin y Colombres donde un Fiat 147 la colisiona y posteriormente se da a la fuga.\u201cEs una mujer de 30 a\u00f1os aproximadamente, se [&hellip;]<\/p>\n","protected":false},"author":4,"featured_media":1135,"comment_status":"open","ping_status":"open","sticky":false,"template":"","format":"standard","meta":{"footnotes":""},"categories":[174],"tags":[61],"class_list":["post-1134","post","type-post","status-publish","format-standard","has-post-thumbnail","hentry","category-local","tag-principal"],"amp_enabled":true,"_links":{"self":[{"href":"https:\/\/tiemponoticias.com.ar\/noticias\/wp-json\/wp\/v2\/posts\/1134","targetHints":{"allow":["GET"]}}],"collection":[{"href":"https:\/\/tiemponoticias.com.ar\/noticias\/wp-json\/wp\/v2\/posts"}],"about":[{"href":"https:\/\/tiemponoticias.com.ar\/noticias\/wp-json\/wp\/v2\/types\/post"}],"author":[{"embeddable":true,"href":"https:\/\/tiemponoticias.com.ar\/noticias\/wp-json\/wp\/v2\/users\/4"}],"replies":[{"embeddable":true,"href":"https:\/\/tiemponoticias.com.ar\/noticias\/wp-json\/wp\/v2\/comments?post=1134"}],"version-history":[{"count":1,"href":"https:\/\/tiemponoticias.com.ar\/noticias\/wp-json\/wp\/v2\/posts\/1134\/revisions"}],"predecessor-version":[{"id":1136,"href":"https:\/\/tiemponoticias.com.ar\/noticias\/wp-json\/wp\/v2\/posts\/1134\/revisions\/1136"}],"wp:featuredmedia":[{"embeddable":true,"href":"https:\/\/tiemponoticias.com.ar\/noticias\/wp-json\/wp\/v2\/media\/1135"}],"wp:attachment":[{"href":"https:\/\/tiemponoticias.com.ar\/noticias\/wp-json\/wp\/v2\/media?parent=1134"}],"wp:term":[{"taxonomy":"category","embeddable":true,"href":"https:\/\/tiemponoticias.com.ar\/noticias\/wp-json\/wp\/v2\/categories?post=1134"},{"taxonomy":"post_tag","embeddable":true,"href":"https:\/\/tiemponoticias.com.ar\/noticias\/wp-json\/wp\/v2\/tags?post=1134"}],"curies":[{"name":"wp","href":"https:\/\/api.w.org\/{rel}","templated":true}]}}