{"id":1131,"date":"2024-04-18T16:05:22","date_gmt":"2024-04-18T16:05:22","guid":{"rendered":"https:\/\/tiemponoticias.com.ar\/noticias\/?p=1131"},"modified":"2024-04-18T16:05:22","modified_gmt":"2024-04-18T16:05:22","slug":"bomberos-voluntarios-intervino-en-dos-incendios","status":"publish","type":"post","link":"https:\/\/tiemponoticias.com.ar\/noticias\/bomberos-voluntarios-intervino-en-dos-incendios\/","title":{"rendered":"BOMBEROS VOLUNTARIOS INTERVINO EN DOS INCENDIOS"},"content":{"rendered":"<div class=\"xdj266r x11i5rnm xat24cr x1mh8g0r x1vvkbs x126k92a\">\n<div dir=\"auto\">Lo cont\u00f3 por <a class=\"x1i10hfl xjbqb8w x1ejq31n xd10rxx x1sy0etr x17r0tee x972fbf xcfux6l x1qhh985 xm0m39n x9f619 x1ypdohk xt0psk2 xe8uvvx xdj266r x11i5rnm xat24cr x1mh8g0r xexx8yu x4uap5 x18d9i69 xkhd6sd x16tdsg8 x1hl2dhg xggy1nq x1a2a7pz xt0b8zv x1fey0fg xo1l8bm\" tabindex=\"0\" role=\"link\" href=\"https:\/\/www.facebook.com\/hashtag\/fmtiempo?__eep__=6&amp;__cft__[0]=AZWbR9z4yVYQlqxYeFK9J9MzjqWDI4sBzvkEDy36GHZl3VEB5Ihyye8a2bCpSNUgA_De6klZUejoC8I1gJgsd9IfiJSucIZLAJiX0bbyTSPUpUP2N1Cgx5bjNrEGsXwbJkLv_CwIy3yGeniUMD_V_XpDrDXSFvrxmSjzepD7wRaGzNEIGRYcxLlyHq9IzCxoJC44gITXOPMAipx8edv8FpHH&amp;__tn__=*NK-R\">#FmTiempo<\/a>, el oficial de Bomberos, Sebasti\u00e1n Rivadeneira, sobre la intervenci\u00f3n de dos incendios uno de una cocina en una vivienda ubicada en Bulnes al 600 y el segundo de un volquete.<\/div>\n<\/div>\n<div class=\"x11i5rnm xat24cr x1mh8g0r x1vvkbs xtlvy1s x126k92a\">\n<div dir=\"auto\"><\/div>\n<div dir=\"auto\">\u00abSe intervino en un incendio por la tarde cerca de las 17: 30hs en calle Bulnes al 680, donde arriban al lugar y se encuentran con que hab\u00eda un principio de incendio en una cocina.Hubo una falla en la conexi\u00f3n de la cocina ,eso es lo que genera un principio de incendio y fue sofocado, se realiz\u00f3 el trabajo de cortar el suministro de gas de la vivienda y hacer un enfriamiento del lugar.\u00bb<\/div>\n<\/div>\n<div class=\"x11i5rnm xat24cr x1mh8g0r x1vvkbs xtlvy1s x126k92a\">\n<div dir=\"auto\"><\/div>\n<div dir=\"auto\">\u00abEl segundo fue a las 0:30hs en calle Pedro Alonso al 100 aproximadamente, donde llaman por un incendio de un volquete, que tambi\u00e9n al arribo se encuentra con que un volquete completo de carga de residuos de rama y domiciliario estaba generalizado.\u00bb<\/div>\n<\/div>\n<div dir=\"auto\"><\/div>\n<div dir=\"auto\">Tiemponoticias.com.ar<\/div>\n<div dir=\"auto\"><\/div>\n<div dir=\"auto\">Www.tiemponoticias.com.ar<\/div>\n<div dir=\"auto\"><\/div>\n<div dir=\"auto\">Noticias Baradero<\/div>\n","protected":false},"excerpt":{"rendered":"<p>Lo cont\u00f3 por #FmTiempo, el oficial de Bomberos, Sebasti\u00e1n Rivadeneira, sobre la intervenci\u00f3n de dos incendios uno de una cocina en una vivienda ubicada en Bulnes al 600 y el segundo de un volquete. \u00abSe intervino en un incendio por la tarde cerca de las 17: 30hs en calle Bulnes al 680, donde arriban al [&hellip;]<\/p>\n","protected":false},"author":4,"featured_media":1132,"comment_status":"open","ping_status":"open","sticky":false,"template":"","format":"standard","meta":{"footnotes":""},"categories":[174],"tags":[],"class_list":["post-1131","post","type-post","status-publish","format-standard","has-post-thumbnail","hentry","category-local"],"amp_enabled":true,"_links":{"self":[{"href":"https:\/\/tiemponoticias.com.ar\/noticias\/wp-json\/wp\/v2\/posts\/1131","targetHints":{"allow":["GET"]}}],"collection":[{"href":"https:\/\/tiemponoticias.com.ar\/noticias\/wp-json\/wp\/v2\/posts"}],"about":[{"href":"https:\/\/tiemponoticias.com.ar\/noticias\/wp-json\/wp\/v2\/types\/post"}],"author":[{"embeddable":true,"href":"https:\/\/tiemponoticias.com.ar\/noticias\/wp-json\/wp\/v2\/users\/4"}],"replies":[{"embeddable":true,"href":"https:\/\/tiemponoticias.com.ar\/noticias\/wp-json\/wp\/v2\/comments?post=1131"}],"version-history":[{"count":1,"href":"https:\/\/tiemponoticias.com.ar\/noticias\/wp-json\/wp\/v2\/posts\/1131\/revisions"}],"predecessor-version":[{"id":1133,"href":"https:\/\/tiemponoticias.com.ar\/noticias\/wp-json\/wp\/v2\/posts\/1131\/revisions\/1133"}],"wp:featuredmedia":[{"embeddable":true,"href":"https:\/\/tiemponoticias.com.ar\/noticias\/wp-json\/wp\/v2\/media\/1132"}],"wp:attachment":[{"href":"https:\/\/tiemponoticias.com.ar\/noticias\/wp-json\/wp\/v2\/media?parent=1131"}],"wp:term":[{"taxonomy":"category","embeddable":true,"href":"https:\/\/tiemponoticias.com.ar\/noticias\/wp-json\/wp\/v2\/categories?post=1131"},{"taxonomy":"post_tag","embeddable":true,"href":"https:\/\/tiemponoticias.com.ar\/noticias\/wp-json\/wp\/v2\/tags?post=1131"}],"curies":[{"name":"wp","href":"https:\/\/api.w.org\/{rel}","templated":true}]}}