{"id":1128,"date":"2024-04-18T16:03:31","date_gmt":"2024-04-18T16:03:31","guid":{"rendered":"https:\/\/tiemponoticias.com.ar\/noticias\/?p=1128"},"modified":"2024-04-18T16:03:31","modified_gmt":"2024-04-18T16:03:31","slug":"la-voluntad-esta-pero-todavia-falta-muchisimo","status":"publish","type":"post","link":"https:\/\/tiemponoticias.com.ar\/noticias\/la-voluntad-esta-pero-todavia-falta-muchisimo\/","title":{"rendered":"\u00abLA VOLUNTAD ESTA PERO TODAV\u00cdA FALTA MUCH\u00cdSIMO\u00bb"},"content":{"rendered":"<p>Lo expres\u00f3 por <a class=\"x1i10hfl xjbqb8w x1ejq31n xd10rxx x1sy0etr x17r0tee x972fbf xcfux6l x1qhh985 xm0m39n x9f619 x1ypdohk xt0psk2 xe8uvvx xdj266r x11i5rnm xat24cr x1mh8g0r xexx8yu x4uap5 x18d9i69 xkhd6sd x16tdsg8 x1hl2dhg xggy1nq x1a2a7pz xt0b8zv xzsf02u x1s688f\" tabindex=\"0\" role=\"link\" href=\"https:\/\/www.facebook.com\/hashtag\/fmtiempo?__eep__=6&amp;__tn__=*NK*F\">#FmTiempo<\/a>\u00a0el director de Pol\u00edticas de Familias, Luis Tobares, acerca de la reuni\u00f3n que mantuvo con los concejales en el marco de una convocatoria en la Comisi\u00f3n de Salud con el objetivo de conocer la situaci\u00f3n del manejo de la salud mental en nuestra ciudad.<br class=\"html-br\" \/><br class=\"html-br\" \/>\u00abYo creo que si bien falta much\u00edsimo para el salud mental pero si nos dimos cuenta de los distintos proyectos que estamos presentando,los protocolos,los distintos dispositivos de atenci\u00f3n nosotros estamos haciendo distintos talleres para secundarios y primarias.La voluntad est\u00e1,pero todav\u00eda falta much\u00edsimo.\u00bb<\/p>\n<p>Tiemponoticias.com.ar<\/p>\n<p>Www.tiemponoticias.com.ar<\/p>\n<p>Noticias Baradero<\/p>\n","protected":false},"excerpt":{"rendered":"<p>Lo expres\u00f3 por #FmTiempo\u00a0el director de Pol\u00edticas de Familias, Luis Tobares, acerca de la reuni\u00f3n que mantuvo con los concejales en el marco de una convocatoria en la Comisi\u00f3n de Salud con el objetivo de conocer la situaci\u00f3n del manejo de la salud mental en nuestra ciudad.\u00abYo creo que si bien falta much\u00edsimo para el [&hellip;]<\/p>\n","protected":false},"author":4,"featured_media":1129,"comment_status":"open","ping_status":"open","sticky":false,"template":"","format":"standard","meta":{"footnotes":""},"categories":[174,6],"tags":[61],"class_list":["post-1128","post","type-post","status-publish","format-standard","has-post-thumbnail","hentry","category-local","category-politica","tag-principal"],"amp_enabled":true,"_links":{"self":[{"href":"https:\/\/tiemponoticias.com.ar\/noticias\/wp-json\/wp\/v2\/posts\/1128","targetHints":{"allow":["GET"]}}],"collection":[{"href":"https:\/\/tiemponoticias.com.ar\/noticias\/wp-json\/wp\/v2\/posts"}],"about":[{"href":"https:\/\/tiemponoticias.com.ar\/noticias\/wp-json\/wp\/v2\/types\/post"}],"author":[{"embeddable":true,"href":"https:\/\/tiemponoticias.com.ar\/noticias\/wp-json\/wp\/v2\/users\/4"}],"replies":[{"embeddable":true,"href":"https:\/\/tiemponoticias.com.ar\/noticias\/wp-json\/wp\/v2\/comments?post=1128"}],"version-history":[{"count":1,"href":"https:\/\/tiemponoticias.com.ar\/noticias\/wp-json\/wp\/v2\/posts\/1128\/revisions"}],"predecessor-version":[{"id":1130,"href":"https:\/\/tiemponoticias.com.ar\/noticias\/wp-json\/wp\/v2\/posts\/1128\/revisions\/1130"}],"wp:featuredmedia":[{"embeddable":true,"href":"https:\/\/tiemponoticias.com.ar\/noticias\/wp-json\/wp\/v2\/media\/1129"}],"wp:attachment":[{"href":"https:\/\/tiemponoticias.com.ar\/noticias\/wp-json\/wp\/v2\/media?parent=1128"}],"wp:term":[{"taxonomy":"category","embeddable":true,"href":"https:\/\/tiemponoticias.com.ar\/noticias\/wp-json\/wp\/v2\/categories?post=1128"},{"taxonomy":"post_tag","embeddable":true,"href":"https:\/\/tiemponoticias.com.ar\/noticias\/wp-json\/wp\/v2\/tags?post=1128"}],"curies":[{"name":"wp","href":"https:\/\/api.w.org\/{rel}","templated":true}]}}