{"id":1125,"date":"2024-04-18T16:02:22","date_gmt":"2024-04-18T16:02:22","guid":{"rendered":"https:\/\/tiemponoticias.com.ar\/noticias\/?p=1125"},"modified":"2024-04-18T16:02:22","modified_gmt":"2024-04-18T16:02:22","slug":"nosotros-no-queremos-dejar-a-ningun-nino-en-la-calle","status":"publish","type":"post","link":"https:\/\/tiemponoticias.com.ar\/noticias\/nosotros-no-queremos-dejar-a-ningun-nino-en-la-calle\/","title":{"rendered":"\u00abNOSOTROS NO QUEREMOS DEJAR A NING\u00daN NI\u00d1O EN LA CALLE\u00bb"},"content":{"rendered":"<p>As\u00ed lo dijo el director de Pol\u00edticas de Familias, Lic. Luis Tobares sobre el caso del menor que ingresado al Hogar del Ni\u00f1o Juan XXIII por orden del Ministerio de Salud Provincial y de la Justicia en contraposici\u00f3n de las autoridades de la instituci\u00f3n ya que sosten\u00edan que no era un lugar apto para su convivencia si no s\u00e9 cumpl\u00edan determinados requerimientos.<br class=\"html-br\" \/><br class=\"html-br\" \/>\u00abEsto viene a partir de este proyecto de cierre de hogar de APAND y llevarlos a distintas ciudades uno de los chicos era de Baradero, la justicia actu\u00f3 y determin\u00f3 alojar al menor en el hogar de ni\u00f1os yo puse determinadas condiciones y nada de las condiciones que yo ped\u00ed cumplieron.\u00bb<br class=\"html-br\" \/><br class=\"html-br\" \/>\u00abQuien viene al hogar se tiene que adaptar a estar con 34 chicos m\u00e1s, lo que queremos es tenerlo pero que pueda estar, porque si se escapa o se l\u00e1stima no es bueno para \u00e9l ni para nosotros, estamos trabajando codo a codo con equipo de salud mental del hospital.\u00bb<br class=\"html-br\" \/><br class=\"html-br\" \/>\u00abEstamos hablando de un menor que tiene episodios de auto y hetero de agresiones, pero no estamos hablando de un nene que es malo estamos hablando de alguien que necesita un tratamiento estable para poder convivir con sus compa\u00f1eros.\u00bb<\/p>\n<p>Tiemponoticias.com.ar<\/p>\n<p>Www.tiemponoticias.com.ar<\/p>\n<p>Noticias Baradero<\/p>\n","protected":false},"excerpt":{"rendered":"<p>As\u00ed lo dijo el director de Pol\u00edticas de Familias, Lic. Luis Tobares sobre el caso del menor que ingresado al Hogar del Ni\u00f1o Juan XXIII por orden del Ministerio de Salud Provincial y de la Justicia en contraposici\u00f3n de las autoridades de la instituci\u00f3n ya que sosten\u00edan que no era un lugar apto para su [&hellip;]<\/p>\n","protected":false},"author":4,"featured_media":1126,"comment_status":"open","ping_status":"open","sticky":false,"template":"","format":"standard","meta":{"footnotes":""},"categories":[174],"tags":[61],"class_list":["post-1125","post","type-post","status-publish","format-standard","has-post-thumbnail","hentry","category-local","tag-principal"],"amp_enabled":true,"_links":{"self":[{"href":"https:\/\/tiemponoticias.com.ar\/noticias\/wp-json\/wp\/v2\/posts\/1125","targetHints":{"allow":["GET"]}}],"collection":[{"href":"https:\/\/tiemponoticias.com.ar\/noticias\/wp-json\/wp\/v2\/posts"}],"about":[{"href":"https:\/\/tiemponoticias.com.ar\/noticias\/wp-json\/wp\/v2\/types\/post"}],"author":[{"embeddable":true,"href":"https:\/\/tiemponoticias.com.ar\/noticias\/wp-json\/wp\/v2\/users\/4"}],"replies":[{"embeddable":true,"href":"https:\/\/tiemponoticias.com.ar\/noticias\/wp-json\/wp\/v2\/comments?post=1125"}],"version-history":[{"count":1,"href":"https:\/\/tiemponoticias.com.ar\/noticias\/wp-json\/wp\/v2\/posts\/1125\/revisions"}],"predecessor-version":[{"id":1127,"href":"https:\/\/tiemponoticias.com.ar\/noticias\/wp-json\/wp\/v2\/posts\/1125\/revisions\/1127"}],"wp:featuredmedia":[{"embeddable":true,"href":"https:\/\/tiemponoticias.com.ar\/noticias\/wp-json\/wp\/v2\/media\/1126"}],"wp:attachment":[{"href":"https:\/\/tiemponoticias.com.ar\/noticias\/wp-json\/wp\/v2\/media?parent=1125"}],"wp:term":[{"taxonomy":"category","embeddable":true,"href":"https:\/\/tiemponoticias.com.ar\/noticias\/wp-json\/wp\/v2\/categories?post=1125"},{"taxonomy":"post_tag","embeddable":true,"href":"https:\/\/tiemponoticias.com.ar\/noticias\/wp-json\/wp\/v2\/tags?post=1125"}],"curies":[{"name":"wp","href":"https:\/\/api.w.org\/{rel}","templated":true}]}}